{"id":9803,"date":"2021-05-18T20:07:42","date_gmt":"2021-05-18T23:07:42","guid":{"rendered":"http:\/\/02265.com.ar\/?p=9803"},"modified":"2021-05-18T20:13:28","modified_gmt":"2021-05-18T23:13:28","slug":"tiempo-de-terminarlas","status":"publish","type":"post","link":"https:\/\/02265.com.ar\/index.php\/2021\/05\/18\/tiempo-de-terminarlas\/","title":{"rendered":"TIEMPO DE TERMINARLAS: Las casitas figuraron en dos presupuestos de cambiemos, pero nunca en su agenda pol\u00edtica"},"content":{"rendered":"\n<p>La gran cuenta pendiente en Mar Chiquita, puede llegar a concretarse en breve. Hace pocas horas, el gobierno local anunci\u00f3 el anticipo econ\u00f3mico de Naci\u00f3n para la culminaci\u00f3n, por fin, de las 112 viviendas paralizadas del plan federal. &nbsp;Pero, \u00bfsab\u00eda usted que el gobierno anterior hizo figurar presupuestos millonarios dos veces y nunca concret\u00f3 las obras?, realmente una locura, pero mas que nada una l\u00e1stima. Lo \u00fanico que hicieron en sus 4 a\u00f1os de gobierno fue ponerle dos o tres b\u00e1rtulos a las de Vivorat\u00e1, mientras que las de Cnel. Vidal se deterioraron con consecuencias que est\u00e1n siendo estudiadas por los arquitectos, y que en definitiva tendr\u00e1n un impacto econ\u00f3mico que era totalmente evitable.<\/p>\n\n\n\n<p>En 2017 y 2018, el \u00edtem del plan federal en los presupuestos municipales gener\u00f3 una gran expectativa. Pero, con el correr de los meses, y la NO ACTIVIDAD, esas esperanzas se fueron cayendo, como tambi\u00e9n fue cayendo una gesti\u00f3n plagada de irregularidades, sobre todo en lo econ\u00f3mico. Incluso, el bloque de concejales del PJ, presidido por Marcelo Sosa, acompa\u00f1\u00f3 de buena fe estas iniciativas, que nunca se cumplieron.<\/p>\n\n\n\n<p>Hoy existe una nueva posibilidad. El gobierno actual, que fue el que comenz\u00f3 las obras de este plan de viviendas, anunci\u00f3 que ya est\u00e1 confirmado el anticipo econ\u00f3mico para la reactivaci\u00f3n de las locaciones. Una promesa que Paredi hizo en campa\u00f1a, y que parece est\u00e1 por cumplirse. Y como dato no menor, con la potenciaci\u00f3n de la mano de obra local, que inyectar\u00e1 miles de pesos en la econom\u00eda local.<\/p>\n\n\n\n<p>Es tiempo de terminarlas, y que la gente que las necesita tenga una mejor calidad de vida.<\/p>\n","protected":false},"excerpt":{"rendered":"<p>La gran cuenta pendiente en Mar Chiquita, puede llegar a concretarse en breve. Hace pocas horas, el gobierno local anunci\u00f3 el anticipo econ\u00f3mico de Naci\u00f3n<\/p>\n","protected":false},"author":2,"featured_media":9804,"comment_status":"open","ping_status":"open","sticky":false,"template":"","format":"standard","meta":[],"categories":[2],"tags":[],"views":249,"_links":{"self":[{"href":"https:\/\/02265.com.ar\/index.php\/wp-json\/wp\/v2\/posts\/9803"}],"collection":[{"href":"https:\/\/02265.com.ar\/index.php\/wp-json\/wp\/v2\/posts"}],"about":[{"href":"https:\/\/02265.com.ar\/index.php\/wp-json\/wp\/v2\/types\/post"}],"author":[{"embeddable":true,"href":"https:\/\/02265.com.ar\/index.php\/wp-json\/wp\/v2\/users\/2"}],"replies":[{"embeddable":true,"href":"https:\/\/02265.com.ar\/index.php\/wp-json\/wp\/v2\/comments?post=9803"}],"version-history":[{"count":0,"href":"https:\/\/02265.com.ar\/index.php\/wp-json\/wp\/v2\/posts\/9803\/revisions"}],"wp:featuredmedia":[{"embeddable":true,"href":"https:\/\/02265.com.ar\/index.php\/wp-json\/wp\/v2\/media\/9804"}],"wp:attachment":[{"href":"https:\/\/02265.com.ar\/index.php\/wp-json\/wp\/v2\/media?parent=9803"}],"wp:term":[{"taxonomy":"category","embeddable":true,"href":"https:\/\/02265.com.ar\/index.php\/wp-json\/wp\/v2\/categories?post=9803"},{"taxonomy":"post_tag","embeddable":true,"href":"https:\/\/02265.com.ar\/index.php\/wp-json\/wp\/v2\/tags?post=9803"}],"curies":[{"name":"wp","href":"https:\/\/api.w.org\/{rel}","templated":true}]}}