{"id":9714,"date":"2021-05-06T17:33:54","date_gmt":"2021-05-06T20:33:54","guid":{"rendered":"http:\/\/02265.com.ar\/?p=9714"},"modified":"2021-05-06T17:34:03","modified_gmt":"2021-05-06T20:34:03","slug":"marcelo-sosa-en-chascomus","status":"publish","type":"post","link":"https:\/\/02265.com.ar\/index.php\/2021\/05\/06\/marcelo-sosa-en-chascomus\/","title":{"rendered":"Marcelo Sosa en Chascom\u00fas: \u201cLa obra p\u00fablica cuando est\u00e1 al servicio de la accesibilidad y la seguridad vial mejora la calidad de vida de los vecinos\u201d"},"content":{"rendered":"\n<p>El funcionario marchiquitense, actualmente en asuntos municipales de Vialidad Nacional, recorri\u00f3 la 5ta secci\u00f3n. Esta vez, el distrito de Chascom\u00fas, donde fue recibido por el alcalde Javier Gast\u00f3n, con quien activaron la obra del acceso de la Avenida Colombia.<\/p>\n\n\n\n<p>La obra correspondiente a la Licitaci\u00f3n P\u00fablica N\u00b04\/2021, \u201cPavimentaci\u00f3n Acceso Avenida Colombia \u2013 Etapa 1: Calzada Sur\u201d y forma parte del Programa de sostenimiento de \u201cRedes Conexas para el Fortalecimiento de la Red Troncal Nacional\u201d que lleva adelante la Direcci\u00f3n Nacional de Vialidad.<\/p>\n\n\n\n<p>La pavimentaci\u00f3n de la Av. Colombia en su totalidad comprende una extensi\u00f3n de 2.530m. hasta la autov\u00eda 2. En la primera etapa se construir\u00e1 la calzada sur entre las calles Machado y 12 de Octubre.<\/p>\n\n\n\n<p>La calzada tendr\u00e1 cordones cuneta integrales, con estructura de suelo cemento de base con suelo seleccionado y un mejoramiento de la capa subrasante.<\/p>\n\n\n\n<p>Como obras complementarias, se construir\u00e1n conductos de desag\u00fce, sumideros y c\u00e1maras de inspecci\u00f3n.<\/p>\n","protected":false},"excerpt":{"rendered":"<p>El funcionario marchiquitense, actualmente en asuntos municipales de Vialidad Nacional, recorri\u00f3 la 5ta secci\u00f3n. Esta vez, el distrito de Chascom\u00fas, donde fue recibido por el<\/p>\n","protected":false},"author":2,"featured_media":9715,"comment_status":"open","ping_status":"open","sticky":false,"template":"","format":"standard","meta":[],"categories":[2,66],"tags":[],"views":90,"_links":{"self":[{"href":"https:\/\/02265.com.ar\/index.php\/wp-json\/wp\/v2\/posts\/9714"}],"collection":[{"href":"https:\/\/02265.com.ar\/index.php\/wp-json\/wp\/v2\/posts"}],"about":[{"href":"https:\/\/02265.com.ar\/index.php\/wp-json\/wp\/v2\/types\/post"}],"author":[{"embeddable":true,"href":"https:\/\/02265.com.ar\/index.php\/wp-json\/wp\/v2\/users\/2"}],"replies":[{"embeddable":true,"href":"https:\/\/02265.com.ar\/index.php\/wp-json\/wp\/v2\/comments?post=9714"}],"version-history":[{"count":0,"href":"https:\/\/02265.com.ar\/index.php\/wp-json\/wp\/v2\/posts\/9714\/revisions"}],"wp:featuredmedia":[{"embeddable":true,"href":"https:\/\/02265.com.ar\/index.php\/wp-json\/wp\/v2\/media\/9715"}],"wp:attachment":[{"href":"https:\/\/02265.com.ar\/index.php\/wp-json\/wp\/v2\/media?parent=9714"}],"wp:term":[{"taxonomy":"category","embeddable":true,"href":"https:\/\/02265.com.ar\/index.php\/wp-json\/wp\/v2\/categories?post=9714"},{"taxonomy":"post_tag","embeddable":true,"href":"https:\/\/02265.com.ar\/index.php\/wp-json\/wp\/v2\/tags?post=9714"}],"curies":[{"name":"wp","href":"https:\/\/api.w.org\/{rel}","templated":true}]}}