{"id":7715,"date":"2020-06-23T11:24:59","date_gmt":"2020-06-23T14:24:59","guid":{"rendered":"http:\/\/02265.com.ar\/?p=7715"},"modified":"2020-06-23T11:25:01","modified_gmt":"2020-06-23T14:25:01","slug":"aceituno-en-el-gobierno-anterior-hubo-una-mezcla-entre-el-mal-manejo-y-la-desidia","status":"publish","type":"post","link":"https:\/\/02265.com.ar\/index.php\/2020\/06\/23\/aceituno-en-el-gobierno-anterior-hubo-una-mezcla-entre-el-mal-manejo-y-la-desidia\/","title":{"rendered":"ACEITUNO: \u201cEn el gobierno anterior hubo una mezcla entre el mal manejo y la desidia\u201d"},"content":{"rendered":"\n<p>El actual secretario de hacienda de Mar Chiquita, C.P. Luis Aceituno, mantuvo una charla radial con Walter Chasmann en \u00bfCu\u00e1l es?, por FM FullMaster, donde dio detalles y su opini\u00f3n de lo que fue la rendici\u00f3n de cuentas 2019. Dijo que hubo muchas irregularidades en general, describi\u00f3 a la Fiesta de la Cerveza 2019 como \u201cuna verg\u00fcenza\u201d por el gasto que hubo y a\u00f1adi\u00f3 que durante el gobierno de Cambiemos \u201chubo una mezcla entre el mal manejo y la desidia\u201d, agregando que tendr\u00e1n que dar explicaciones al HTC.<\/p>\n\n\n\n<p>El funcionario, sostuvo que \u201cdurante la transici\u00f3n que hicimos antes de asumir, ve\u00edamos una deuda, y entre el 10 y el 18 de diciembre nos encontramos con otra situaci\u00f3n. Una deuda que iba subiendo todos los d\u00edas, que superaba los 114 millones de pesos; una situaci\u00f3n econ\u00f3mica complicada\u201d. As\u00ed mismo, dijo que se hab\u00eda dejado de pagar a los proveedores y que algunos ten\u00edan deudas pendientes de hace m\u00e1s de un a\u00f1o. &nbsp;<\/p>\n\n\n\n<p>En el mismo orden, Aceituno dijo que trabajan en conjunto con el \u00e1rea de legales del ejecutivo, ya que hay muchas cuestiones \u201cque pueden embromar al municipio. Hab\u00eda hasta ambulancias y otros veh\u00edculos secuestrados en talleres mec\u00e1nicos por falta de pago y muchas irregularidades en las cooperativas de trabajo\u201d<\/p>\n\n\n\n<p>Tambi\u00e9n cont\u00f3 las peripecias que tuvieron que realizar durante el primer mes de gobierno. \u201cTuvimos que hacer una operaci\u00f3n financiera importante para poder pagar los sueldos, las horas extras eran n\u00fameros escalofriantes. M\u00e1s all\u00e1 del mal manejo financiero, vimos la desidia por no haber actualizado bases de datos, o por haber hecho gastos despampanantes\u201d<\/p>\n\n\n\n<p>Asi mismo, fue tajante a la hora de aclarar que \u201clos n\u00fameros no son ni peronistas ni radicales, los n\u00fameros son n\u00fameros. La deuda est\u00e1, los camiones rotos est\u00e1n, las delegaciones rotas est\u00e1n, hubo un desmanejo enorme y no cuidaron el patrimonio p\u00fablico. Habr\u00e1 que ver qu\u00e9 es lo que opina el Tribunal de Cuentas\u201d.<\/p>\n","protected":false},"excerpt":{"rendered":"<p>El actual secretario de hacienda de Mar Chiquita, C.P. Luis Aceituno, mantuvo una charla radial con Walter Chasmann en \u00bfCu\u00e1l es?, por FM FullMaster, donde<\/p>\n","protected":false},"author":2,"featured_media":6481,"comment_status":"open","ping_status":"open","sticky":false,"template":"","format":"standard","meta":[],"categories":[2,6],"tags":[],"views":169,"_links":{"self":[{"href":"https:\/\/02265.com.ar\/index.php\/wp-json\/wp\/v2\/posts\/7715"}],"collection":[{"href":"https:\/\/02265.com.ar\/index.php\/wp-json\/wp\/v2\/posts"}],"about":[{"href":"https:\/\/02265.com.ar\/index.php\/wp-json\/wp\/v2\/types\/post"}],"author":[{"embeddable":true,"href":"https:\/\/02265.com.ar\/index.php\/wp-json\/wp\/v2\/users\/2"}],"replies":[{"embeddable":true,"href":"https:\/\/02265.com.ar\/index.php\/wp-json\/wp\/v2\/comments?post=7715"}],"version-history":[{"count":0,"href":"https:\/\/02265.com.ar\/index.php\/wp-json\/wp\/v2\/posts\/7715\/revisions"}],"wp:featuredmedia":[{"embeddable":true,"href":"https:\/\/02265.com.ar\/index.php\/wp-json\/wp\/v2\/media\/6481"}],"wp:attachment":[{"href":"https:\/\/02265.com.ar\/index.php\/wp-json\/wp\/v2\/media?parent=7715"}],"wp:term":[{"taxonomy":"category","embeddable":true,"href":"https:\/\/02265.com.ar\/index.php\/wp-json\/wp\/v2\/categories?post=7715"},{"taxonomy":"post_tag","embeddable":true,"href":"https:\/\/02265.com.ar\/index.php\/wp-json\/wp\/v2\/tags?post=7715"}],"curies":[{"name":"wp","href":"https:\/\/api.w.org\/{rel}","templated":true}]}}