{"id":7381,"date":"2020-05-19T12:40:21","date_gmt":"2020-05-19T15:40:21","guid":{"rendered":"http:\/\/02265.com.ar\/?p=7381"},"modified":"2020-05-19T12:40:21","modified_gmt":"2020-05-19T15:40:21","slug":"moto-con-pedido-de-captura","status":"publish","type":"post","link":"https:\/\/02265.com.ar\/index.php\/2020\/05\/19\/moto-con-pedido-de-captura\/","title":{"rendered":"STA CLARA: Circulaba en una moto con pedido de captura y fue demorado"},"content":{"rendered":"<p>Un sujeto de 34 a\u00f1os de edad, fue demorado por la polic\u00eda comunal de Santa Clara del Mar, luego de descubrirse que circulaba a bordo de una motocicleta con pedido de captura activo. La situaci\u00f3n se descubri\u00f3 luego de ser arrojada al sistema inform\u00e1tico de la polic\u00eda, y hab\u00eda sido denunciada en la Comisaria 3ra de Mar del Plata, bajo el delito de robo calificado de moto veh\u00edculo. El conductor no qued\u00f3 detenido, pero si imputado por encubrimiento.<\/p>\n<p>El rodado es una Honda 125 XR, y fue interceptada en el km 502 de la RP 11<\/p>\n<p><a href=\"http:\/\/02265.com.ar\/wp-content\/uploads\/2020\/05\/moto-robada.jpeg\"><img decoding=\"async\" loading=\"lazy\" class=\"alignnone size-full wp-image-7382\" src=\"http:\/\/02265.com.ar\/wp-content\/uploads\/2020\/05\/moto-robada.jpeg\" alt=\"\" width=\"774\" height=\"1032\" srcset=\"https:\/\/02265.com.ar\/wp-content\/uploads\/2020\/05\/moto-robada.jpeg 774w, https:\/\/02265.com.ar\/wp-content\/uploads\/2020\/05\/moto-robada-225x300.jpeg 225w, https:\/\/02265.com.ar\/wp-content\/uploads\/2020\/05\/moto-robada-768x1024.jpeg 768w\" sizes=\"(max-width: 774px) 100vw, 774px\" \/><\/a> <a href=\"http:\/\/02265.com.ar\/wp-content\/uploads\/2020\/05\/moto-robada-2.jpeg\"><img decoding=\"async\" loading=\"lazy\" class=\"alignnone size-full wp-image-7383\" src=\"http:\/\/02265.com.ar\/wp-content\/uploads\/2020\/05\/moto-robada-2.jpeg\" alt=\"\" width=\"1280\" height=\"1280\" srcset=\"https:\/\/02265.com.ar\/wp-content\/uploads\/2020\/05\/moto-robada-2.jpeg 1280w, https:\/\/02265.com.ar\/wp-content\/uploads\/2020\/05\/moto-robada-2-150x150.jpeg 150w, https:\/\/02265.com.ar\/wp-content\/uploads\/2020\/05\/moto-robada-2-300x300.jpeg 300w, https:\/\/02265.com.ar\/wp-content\/uploads\/2020\/05\/moto-robada-2-768x768.jpeg 768w, https:\/\/02265.com.ar\/wp-content\/uploads\/2020\/05\/moto-robada-2-1024x1024.jpeg 1024w\" sizes=\"(max-width: 1280px) 100vw, 1280px\" \/><\/a><\/p>\n","protected":false},"excerpt":{"rendered":"<p>Un sujeto de 34 a\u00f1os de edad, fue demorado por la polic\u00eda comunal de Santa Clara del Mar, luego de descubrirse que circulaba a bordo<\/p>\n","protected":false},"author":2,"featured_media":7383,"comment_status":"open","ping_status":"open","sticky":false,"template":"","format":"standard","meta":[],"categories":[7,6],"tags":[],"views":225,"_links":{"self":[{"href":"https:\/\/02265.com.ar\/index.php\/wp-json\/wp\/v2\/posts\/7381"}],"collection":[{"href":"https:\/\/02265.com.ar\/index.php\/wp-json\/wp\/v2\/posts"}],"about":[{"href":"https:\/\/02265.com.ar\/index.php\/wp-json\/wp\/v2\/types\/post"}],"author":[{"embeddable":true,"href":"https:\/\/02265.com.ar\/index.php\/wp-json\/wp\/v2\/users\/2"}],"replies":[{"embeddable":true,"href":"https:\/\/02265.com.ar\/index.php\/wp-json\/wp\/v2\/comments?post=7381"}],"version-history":[{"count":0,"href":"https:\/\/02265.com.ar\/index.php\/wp-json\/wp\/v2\/posts\/7381\/revisions"}],"wp:featuredmedia":[{"embeddable":true,"href":"https:\/\/02265.com.ar\/index.php\/wp-json\/wp\/v2\/media\/7383"}],"wp:attachment":[{"href":"https:\/\/02265.com.ar\/index.php\/wp-json\/wp\/v2\/media?parent=7381"}],"wp:term":[{"taxonomy":"category","embeddable":true,"href":"https:\/\/02265.com.ar\/index.php\/wp-json\/wp\/v2\/categories?post=7381"},{"taxonomy":"post_tag","embeddable":true,"href":"https:\/\/02265.com.ar\/index.php\/wp-json\/wp\/v2\/tags?post=7381"}],"curies":[{"name":"wp","href":"https:\/\/api.w.org\/{rel}","templated":true}]}}