{"id":7168,"date":"2020-04-27T11:26:05","date_gmt":"2020-04-27T14:26:05","guid":{"rendered":"http:\/\/02265.com.ar\/?p=7168"},"modified":"2020-04-27T11:26:05","modified_gmt":"2020-04-27T14:26:05","slug":"cnel-vidal-allanaron","status":"publish","type":"post","link":"https:\/\/02265.com.ar\/index.php\/2020\/04\/27\/cnel-vidal-allanaron\/","title":{"rendered":"CNEL VIDAL: Allanaron la casa del sujeto detenido con 20 gramos de coca\u00edna y encontraron m\u00e1s droga"},"content":{"rendered":"<p>Un hombre de 43 a\u00f1os, de Coronel Vidal, hab\u00eda sido detenido hace algunas horas en la zona c\u00e9ntrica de la localidad, llevando consigo al menos 20 gramos de clorhidrato de coca\u00edna. Tras este hallazgo, la investigaci\u00f3n se centr\u00f3 en su vivienda, y la fiscal\u00eda descentralizada, a cargo del Dr. Benedetti, solicit\u00f3 la orden de allanamiento, tanto del domicilio, como del VW Gol secuestrado. Hallaron m\u00e1s estupefacientes y se secuestraron varios tel\u00e9fonos celulares.<\/p>\n<p>La orden de requisa se llev\u00f3 adelante este domingo, emitida por el Juzgado de Garant\u00edas N\u00b04, y ejecutada por personal del Gabinete T\u00e9cnico Operativo de la comisaria 1ra, en conjunto con personal de la Comisaria de la Mujer y Fiscal\u00eda Descentralizada, en un domicilio de calle Castej\u00f3n y sobre un veh\u00edculo secuestrado.<\/p>\n<p>Durante el operativo, el personal policial hall\u00f3 m\u00e1s envoltorios con sustancia estupefaciente, como asi tambi\u00e9n semillas de marihuana. En el mismo orden, secuestraron varios tel\u00e9fonos celulares, que ser\u00e1n parte de la investigaci\u00f3n, ya que se solicitar\u00e1 la revisi\u00f3n de los aparatos, para determinar si eran utilizados para la venta ilegal de drogas.<\/p>\n<p>El detenido qued\u00f3 alojado en la Unidad Penal N\u00b0 44 de Bat\u00e1n, y ya cuenta con antecedentes.<\/p>\n<p>&nbsp;<\/p>\n","protected":false},"excerpt":{"rendered":"<p>Un hombre de 43 a\u00f1os, de Coronel Vidal, hab\u00eda sido detenido hace algunas horas en la zona c\u00e9ntrica de la localidad, llevando consigo al menos<\/p>\n","protected":false},"author":2,"featured_media":7169,"comment_status":"open","ping_status":"open","sticky":false,"template":"","format":"standard","meta":[],"categories":[7,6],"tags":[],"views":650,"_links":{"self":[{"href":"https:\/\/02265.com.ar\/index.php\/wp-json\/wp\/v2\/posts\/7168"}],"collection":[{"href":"https:\/\/02265.com.ar\/index.php\/wp-json\/wp\/v2\/posts"}],"about":[{"href":"https:\/\/02265.com.ar\/index.php\/wp-json\/wp\/v2\/types\/post"}],"author":[{"embeddable":true,"href":"https:\/\/02265.com.ar\/index.php\/wp-json\/wp\/v2\/users\/2"}],"replies":[{"embeddable":true,"href":"https:\/\/02265.com.ar\/index.php\/wp-json\/wp\/v2\/comments?post=7168"}],"version-history":[{"count":0,"href":"https:\/\/02265.com.ar\/index.php\/wp-json\/wp\/v2\/posts\/7168\/revisions"}],"wp:featuredmedia":[{"embeddable":true,"href":"https:\/\/02265.com.ar\/index.php\/wp-json\/wp\/v2\/media\/7169"}],"wp:attachment":[{"href":"https:\/\/02265.com.ar\/index.php\/wp-json\/wp\/v2\/media?parent=7168"}],"wp:term":[{"taxonomy":"category","embeddable":true,"href":"https:\/\/02265.com.ar\/index.php\/wp-json\/wp\/v2\/categories?post=7168"},{"taxonomy":"post_tag","embeddable":true,"href":"https:\/\/02265.com.ar\/index.php\/wp-json\/wp\/v2\/tags?post=7168"}],"curies":[{"name":"wp","href":"https:\/\/api.w.org\/{rel}","templated":true}]}}