{"id":7160,"date":"2020-04-27T07:32:18","date_gmt":"2020-04-27T10:32:18","guid":{"rendered":"http:\/\/02265.com.ar\/?p=7160"},"modified":"2020-04-27T15:07:33","modified_gmt":"2020-04-27T18:07:33","slug":"esparcimiento-en-mar-chiquita","status":"publish","type":"post","link":"https:\/\/02265.com.ar\/index.php\/2020\/04\/27\/esparcimiento-en-mar-chiquita\/","title":{"rendered":"ESPARCIMIENTO: En Mar Chiquita se podr\u00eda definir hoy si se habilitan las salidas propuestas por presidencia"},"content":{"rendered":"<p>El gobernador de la provincia, Axel Kicillof, comparti\u00f3 una imagen en la que quedan detallados los lugares donde estar\u00e1n habilitadas las caminatas, en los que estar\u00e1 prohibido por el momento y aquellos donde a\u00fan no hay una definici\u00f3n al respecto. Nuestro distrito figura como uno de los que no han tomado una determinaci\u00f3n a\u00fan; y la situaci\u00f3n puede responder a que hubo un caso positivo de COVID-19.<\/p>\n<p>Luego de que el Gobierno nacional oficializara el decreto que extendi\u00f3 el aislamiento social, preventivo y obligatorio hasta el pr\u00f3ximo 10 de mayo y autorizara salidas de hasta una hora para los ciudadanos que quisieran ir a caminar cerca de sus casas, varias provincias salieron a aclarar que esta \u00faltima medida no se implementar\u00e1 en todos sus municipios.<\/p>\n<p>Este es el caso de Buenos Aires, uno de las zonas m\u00e1s afectadas de la Argentina por el coronavirus, junto con la Capital Federal. Por esta raz\u00f3n, las autoridades de ambos lugares firmaron un comunicado conjunto con Santa Fe y C\u00f3rdoba para advertir que solo en algunas localidades se va a autorizar esta pr\u00e1ctica recreativa.<\/p>\n<p>Pocas horas m\u00e1s tarde, el gobernador bonaerense, Axel Kicillof, comparti\u00f3 en su cuenta de Twitter un mapa en el que se detallan los partidos en donde estar\u00e1n permitidos los paseos breves, aquellos donde continuar\u00e1n prohibidos y en los que todav\u00eda no hay una definici\u00f3n al respecto.<\/p>\n<p>Kicillof resalt\u00f3 que cada intendente ser\u00e1 el encargado de \u201ccomunicar a sus ciudadanos el protocolo vigente para esta actividad, como para cada una de las que se autorizan en el marco del aislamiento social, preventivo y obligatorio\u201d.<\/p>\n<p>En el mapa se se\u00f1alaron aquellos lugares donde todav\u00eda no hay una definici\u00f3n sobre si se van a permitir o no las caminatas, por lo que la gente que viva en esas partes de Buenos Aires tendr\u00e1 que esperar la decisi\u00f3n que tome cada intendente en su momento.<\/p>\n<p>En esta situaci\u00f3n se encuentran, por ejemplo, Tres Arroyos, Chascom\u00fas, Mar Chiquita, Necochea, Bolivar, Roque P\u00e9rez, Lincoln, Pehuaj\u00f3, 9 de Julio, Bragado, Trenque Lauquen, Saavedra y Patagones.<\/p>\n<p>De acuerdo con el \u00faltimo informe del Ministerio de Salud de la Naci\u00f3n, hasta ahora en la provincia de Buenos Aires se detectaron 1331 casos confirmados de coronavirus, a los que regularmente se les suman nuevos infectados. Es la zona de la Argentina con mayor n\u00famero de personas contagiadas de COVID, por lo que se esperaba que la implementaci\u00f3n de los paseos en este distrito fuera limitada.<\/p>\n<p>FOTO ILUSTRATIVA<\/p>\n<p>&nbsp;<\/p>\n","protected":false},"excerpt":{"rendered":"<p>El gobernador de la provincia, Axel Kicillof, comparti\u00f3 una imagen en la que quedan detallados los lugares donde estar\u00e1n habilitadas las caminatas, en los que<\/p>\n","protected":false},"author":2,"featured_media":7161,"comment_status":"open","ping_status":"open","sticky":false,"template":"","format":"standard","meta":[],"categories":[1,2,6],"tags":[],"views":373,"_links":{"self":[{"href":"https:\/\/02265.com.ar\/index.php\/wp-json\/wp\/v2\/posts\/7160"}],"collection":[{"href":"https:\/\/02265.com.ar\/index.php\/wp-json\/wp\/v2\/posts"}],"about":[{"href":"https:\/\/02265.com.ar\/index.php\/wp-json\/wp\/v2\/types\/post"}],"author":[{"embeddable":true,"href":"https:\/\/02265.com.ar\/index.php\/wp-json\/wp\/v2\/users\/2"}],"replies":[{"embeddable":true,"href":"https:\/\/02265.com.ar\/index.php\/wp-json\/wp\/v2\/comments?post=7160"}],"version-history":[{"count":0,"href":"https:\/\/02265.com.ar\/index.php\/wp-json\/wp\/v2\/posts\/7160\/revisions"}],"wp:featuredmedia":[{"embeddable":true,"href":"https:\/\/02265.com.ar\/index.php\/wp-json\/wp\/v2\/media\/7161"}],"wp:attachment":[{"href":"https:\/\/02265.com.ar\/index.php\/wp-json\/wp\/v2\/media?parent=7160"}],"wp:term":[{"taxonomy":"category","embeddable":true,"href":"https:\/\/02265.com.ar\/index.php\/wp-json\/wp\/v2\/categories?post=7160"},{"taxonomy":"post_tag","embeddable":true,"href":"https:\/\/02265.com.ar\/index.php\/wp-json\/wp\/v2\/tags?post=7160"}],"curies":[{"name":"wp","href":"https:\/\/api.w.org\/{rel}","templated":true}]}}