{"id":7147,"date":"2020-04-26T21:07:53","date_gmt":"2020-04-27T00:07:53","guid":{"rendered":"http:\/\/02265.com.ar\/?p=7147"},"modified":"2020-04-26T21:16:15","modified_gmt":"2020-04-27T00:16:15","slug":"fuerte-despiste-y-vuelco","status":"publish","type":"post","link":"https:\/\/02265.com.ar\/index.php\/2020\/04\/26\/fuerte-despiste-y-vuelco\/","title":{"rendered":"Fuerte despiste y vuelco en Coronel Vidal, un vecino de General Piran fue trasladado grave"},"content":{"rendered":"<p>Pasadas las 20 hs de este domingo, el alerta de sirena de los Bomberos de Coronel Vidal emiti\u00f3 salida de emergencia. Un rodado, VW Bora, despist\u00f3 y volc\u00f3 en el km 343 de la Autov\u00eda 2, a pocos metros del cruce con la RP 55. A bordo del veh\u00edculo viajaba un hombre oriundo de General Piran, que sufri\u00f3 fuertes heridas tras el impacto. Al llegar este medio al lugar del siniestro, el accidentado estaba tendido fuera del rodado, aunque no podemos confirmar si sali\u00f3 despedido del mismo, o bien fue socorrido por los primeros en llegar a la escena.<\/p>\n<p>Al lugar acudieron en emergencia personal de Bomberos Voluntarios de Coronel Vidal; ambulancia del hospital municipal, polic\u00eda vial y comunal.<\/p>\n<p>Hasta el momento, sabemos que el hombre accidentado fue trasladado en ambulancia, ya que las heridas revest\u00edan gravedad.<\/p>\n<p><iframe loading=\"lazy\" style=\"border: none; overflow: hidden;\" src=\"https:\/\/www.facebook.com\/plugins\/video.php?href=https%3A%2F%2Fwww.facebook.com%2F02265Noticias%2Fvideos%2F3023325597736424%2F&amp;show_text=0&amp;width=267\" width=\"267\" height=\"476\" frameborder=\"0\" scrolling=\"no\" allowfullscreen=\"allowfullscreen\"><\/iframe><\/p>\n<p><a href=\"http:\/\/02265.com.ar\/wp-content\/uploads\/2020\/04\/94872173_266322528099891_2912002141813997568_o.jpg\"><img decoding=\"async\" loading=\"lazy\" class=\"alignnone size-full wp-image-7158\" src=\"http:\/\/02265.com.ar\/wp-content\/uploads\/2020\/04\/94872173_266322528099891_2912002141813997568_o.jpg\" alt=\"\" width=\"960\" height=\"720\" srcset=\"https:\/\/02265.com.ar\/wp-content\/uploads\/2020\/04\/94872173_266322528099891_2912002141813997568_o.jpg 960w, https:\/\/02265.com.ar\/wp-content\/uploads\/2020\/04\/94872173_266322528099891_2912002141813997568_o-300x225.jpg 300w, https:\/\/02265.com.ar\/wp-content\/uploads\/2020\/04\/94872173_266322528099891_2912002141813997568_o-768x576.jpg 768w\" sizes=\"(max-width: 960px) 100vw, 960px\" \/><\/a><\/p>\n<p><a href=\"http:\/\/02265.com.ar\/wp-content\/uploads\/2020\/04\/20200426_202515.jpg\"><img decoding=\"async\" loading=\"lazy\" class=\"alignnone size-full wp-image-7149\" src=\"http:\/\/02265.com.ar\/wp-content\/uploads\/2020\/04\/20200426_202515.jpg\" alt=\"\" width=\"4128\" height=\"1956\" srcset=\"https:\/\/02265.com.ar\/wp-content\/uploads\/2020\/04\/20200426_202515.jpg 4128w, https:\/\/02265.com.ar\/wp-content\/uploads\/2020\/04\/20200426_202515-300x142.jpg 300w, https:\/\/02265.com.ar\/wp-content\/uploads\/2020\/04\/20200426_202515-768x364.jpg 768w, https:\/\/02265.com.ar\/wp-content\/uploads\/2020\/04\/20200426_202515-1024x485.jpg 1024w\" sizes=\"(max-width: 4128px) 100vw, 4128px\" \/><\/a> \u00a0<a href=\"http:\/\/02265.com.ar\/wp-content\/uploads\/2020\/04\/20200426_202552.jpg\"><img decoding=\"async\" loading=\"lazy\" class=\"alignnone size-full wp-image-7151\" src=\"http:\/\/02265.com.ar\/wp-content\/uploads\/2020\/04\/20200426_202552.jpg\" alt=\"\" width=\"4128\" height=\"1956\" srcset=\"https:\/\/02265.com.ar\/wp-content\/uploads\/2020\/04\/20200426_202552.jpg 4128w, https:\/\/02265.com.ar\/wp-content\/uploads\/2020\/04\/20200426_202552-300x142.jpg 300w, https:\/\/02265.com.ar\/wp-content\/uploads\/2020\/04\/20200426_202552-768x364.jpg 768w, https:\/\/02265.com.ar\/wp-content\/uploads\/2020\/04\/20200426_202552-1024x485.jpg 1024w\" sizes=\"(max-width: 4128px) 100vw, 4128px\" \/><\/a><\/p>\n","protected":false},"excerpt":{"rendered":"<p>Pasadas las 20 hs de este domingo, el alerta de sirena de los Bomberos de Coronel Vidal emiti\u00f3 salida de emergencia. Un rodado, VW Bora,<\/p>\n","protected":false},"author":2,"featured_media":7153,"comment_status":"open","ping_status":"open","sticky":false,"template":"","format":"standard","meta":[],"categories":[7,6],"tags":[],"views":704,"_links":{"self":[{"href":"https:\/\/02265.com.ar\/index.php\/wp-json\/wp\/v2\/posts\/7147"}],"collection":[{"href":"https:\/\/02265.com.ar\/index.php\/wp-json\/wp\/v2\/posts"}],"about":[{"href":"https:\/\/02265.com.ar\/index.php\/wp-json\/wp\/v2\/types\/post"}],"author":[{"embeddable":true,"href":"https:\/\/02265.com.ar\/index.php\/wp-json\/wp\/v2\/users\/2"}],"replies":[{"embeddable":true,"href":"https:\/\/02265.com.ar\/index.php\/wp-json\/wp\/v2\/comments?post=7147"}],"version-history":[{"count":0,"href":"https:\/\/02265.com.ar\/index.php\/wp-json\/wp\/v2\/posts\/7147\/revisions"}],"wp:featuredmedia":[{"embeddable":true,"href":"https:\/\/02265.com.ar\/index.php\/wp-json\/wp\/v2\/media\/7153"}],"wp:attachment":[{"href":"https:\/\/02265.com.ar\/index.php\/wp-json\/wp\/v2\/media?parent=7147"}],"wp:term":[{"taxonomy":"category","embeddable":true,"href":"https:\/\/02265.com.ar\/index.php\/wp-json\/wp\/v2\/categories?post=7147"},{"taxonomy":"post_tag","embeddable":true,"href":"https:\/\/02265.com.ar\/index.php\/wp-json\/wp\/v2\/tags?post=7147"}],"curies":[{"name":"wp","href":"https:\/\/api.w.org\/{rel}","templated":true}]}}