{"id":6729,"date":"2020-02-17T21:30:31","date_gmt":"2020-02-18T00:30:31","guid":{"rendered":"http:\/\/02265.com.ar\/?p=6729"},"modified":"2020-02-17T21:30:31","modified_gmt":"2020-02-18T00:30:31","slug":"la-direccion-de-la-mujer","status":"publish","type":"post","link":"https:\/\/02265.com.ar\/index.php\/2020\/02\/17\/la-direccion-de-la-mujer\/","title":{"rendered":"LA DIRECCI\u00d3N DE LA MUJER PRESENTE EN EL 1ER FORO PARTICIPATIVO HACIA UN PLAN CONTRA LAS VIOLENCIAS DE G\u00c9NERO"},"content":{"rendered":"<p>Se llev\u00f3 a cabo en el Complejo Hotelero de Chapadmalal el 1er Foro Federal Participativo hac\u00eda un Plan contra las Violencias de G\u00e9nero, convocado por el Ministerio de Mujeres, G\u00e9nero y Diversidad de la Naci\u00f3n. Estuvieron presentes Vanina Calvo y Susana G\u00f3mez, a cargo de los departamentos de Violencia de G\u00e9nero y Desarrollo Integral, respectivamente.<\/p>\n<p>El encuentro estuvo encabezado por Elizabeth G\u00f3mez Alcorta, la Ministra de Mujeres, G\u00e9nero y Diversidad y por Estela D\u00edaz, la Ministra de las Mujeres, Pol\u00edticas de G\u00e9nero y Diversidad Sexual de la provincia de Buenos Aires. Asimismo, Axel Kicillof, el gobernador bonaerense y Fernanda Raverta, la Ministra de Desarrollo Social, se sumaron al cierre de la primera edici\u00f3n del foro.<\/p>\n<p>Vanina Calvo y Susana G\u00f3mez, a cargo de los departamentos de violencia de g\u00e9nero y desarrollo integral, se\u00f1alaron: \u201cLos foros participativos comprendieron dos jornadas de trabajo: durante la primera jornada, las mujeres y disidencias de la Provincia de Buenos Aires participaron de mesas de debate y reflexi\u00f3n, articuladas en 4 ejes: prevenci\u00f3n de las violencias por motivos de g\u00e9nero, asistencia Integral y Fortalecimiento del acceso a la justicia, protecci\u00f3n Integral y redes comunitarias de las personas en situaci\u00f3n de violencia por orientaci\u00f3n sexual, g\u00e9nero, identidad y sus expresiones e \u2018interseccionalidades\u2019 (conjunci\u00f3n de particularidades socioecon\u00f3micas, etnicas, raciales, edad, discapacidad, etc, que agravan el estado de vulnerabilidad de las mujeres y disidencias)\u201d<\/p>\n<p>Luego, comentaron: \u201cDurante el segundo d\u00eda, cada \u00e1rea municipal tuvo la oportunidad de describir la situaci\u00f3n local en materia de violencias y dispositivos territoriales para su prevenci\u00f3n, asistencia y erradicaci\u00f3n. En lo que a nuestro distrito se refiere, pudimos resaltar el valiosisimo desempe\u00f1o del recurso humano marchiquitense, tanto del personal municipal como el de las agrupaciones de mujeres y disidencias autoconvocadas en la lucha contra todas las formas de violencias; y solicitamos para ellxs herramientas para el autocuidado, y nuevas capacitaciones dirigidas a la promoci\u00f3n de la prevenci\u00f3n y erradicaci\u00f3n de la violencia por motivos de g\u00e9nero\u201d<\/p>\n<p>\u201cAdem\u00e1s, pudimos enumerar las dificultades advertidas en la ruta cr\u00edtica de la violencia y la falta de una casa de medio camino, las necesidades en abordaje en consumo problem\u00e1tico de sustancias, los casos de inaccesibilidad a justicia, la ESI y el tratamiento de las masculinidades, el estado actual del protocolo ILE, y la eminente creaci\u00f3n de las mesas locales intersectoriales\u201d agregaron.<\/p>\n","protected":false},"excerpt":{"rendered":"<p>Se llev\u00f3 a cabo en el Complejo Hotelero de Chapadmalal el 1er Foro Federal Participativo hac\u00eda un Plan contra las Violencias de G\u00e9nero, convocado por<\/p>\n","protected":false},"author":2,"featured_media":6730,"comment_status":"open","ping_status":"open","sticky":false,"template":"","format":"standard","meta":[],"categories":[6],"tags":[],"views":138,"_links":{"self":[{"href":"https:\/\/02265.com.ar\/index.php\/wp-json\/wp\/v2\/posts\/6729"}],"collection":[{"href":"https:\/\/02265.com.ar\/index.php\/wp-json\/wp\/v2\/posts"}],"about":[{"href":"https:\/\/02265.com.ar\/index.php\/wp-json\/wp\/v2\/types\/post"}],"author":[{"embeddable":true,"href":"https:\/\/02265.com.ar\/index.php\/wp-json\/wp\/v2\/users\/2"}],"replies":[{"embeddable":true,"href":"https:\/\/02265.com.ar\/index.php\/wp-json\/wp\/v2\/comments?post=6729"}],"version-history":[{"count":0,"href":"https:\/\/02265.com.ar\/index.php\/wp-json\/wp\/v2\/posts\/6729\/revisions"}],"wp:featuredmedia":[{"embeddable":true,"href":"https:\/\/02265.com.ar\/index.php\/wp-json\/wp\/v2\/media\/6730"}],"wp:attachment":[{"href":"https:\/\/02265.com.ar\/index.php\/wp-json\/wp\/v2\/media?parent=6729"}],"wp:term":[{"taxonomy":"category","embeddable":true,"href":"https:\/\/02265.com.ar\/index.php\/wp-json\/wp\/v2\/categories?post=6729"},{"taxonomy":"post_tag","embeddable":true,"href":"https:\/\/02265.com.ar\/index.php\/wp-json\/wp\/v2\/tags?post=6729"}],"curies":[{"name":"wp","href":"https:\/\/api.w.org\/{rel}","templated":true}]}}