{"id":6654,"date":"2020-02-03T11:37:31","date_gmt":"2020-02-03T14:37:31","guid":{"rendered":"http:\/\/02265.com.ar\/?p=6654"},"modified":"2020-02-03T11:37:31","modified_gmt":"2020-02-03T14:37:31","slug":"abad-ucr","status":"publish","type":"post","link":"https:\/\/02265.com.ar\/index.php\/2020\/02\/03\/abad-ucr\/","title":{"rendered":"El historico dirigente y ex concejal Carlos Abad quiere salvar la UCR local y convoc\u00f3 a viejos radicales"},"content":{"rendered":"<p>El ex concejal de Mar Chiquita, Carlo Abad, hist\u00f3rico radical del distrito, est\u00e1 en v\u00edas de \u00absalvar\u00bb a la UCR local, y convoc\u00f3, v\u00eda redes sociales a los viejos radicales de nuestro partido para rearmarse. Dijo que no quiere ning\u00fan cargo electivo, y renunci\u00f3 de antemano. \u00bfHabra consenso, o los \u00abpeces gordos\u00bb actuales de la UCR no le dar\u00e1n lugar?<\/p>\n<p><a href=\"http:\/\/02265.com.ar\/wp-content\/uploads\/2020\/02\/20200203_113221.jpg\"><img decoding=\"async\" loading=\"lazy\" class=\"alignnone size-full wp-image-6655\" src=\"http:\/\/02265.com.ar\/wp-content\/uploads\/2020\/02\/20200203_113221.jpg\" alt=\"\" width=\"720\" height=\"961\" srcset=\"https:\/\/02265.com.ar\/wp-content\/uploads\/2020\/02\/20200203_113221.jpg 720w, https:\/\/02265.com.ar\/wp-content\/uploads\/2020\/02\/20200203_113221-225x300.jpg 225w\" sizes=\"(max-width: 720px) 100vw, 720px\" \/><\/a><\/p>\n","protected":false},"excerpt":{"rendered":"<p>El ex concejal de Mar Chiquita, Carlo Abad, hist\u00f3rico radical del distrito, est\u00e1 en v\u00edas de \u00absalvar\u00bb a la UCR local, y convoc\u00f3, v\u00eda redes<\/p>\n","protected":false},"author":2,"featured_media":6656,"comment_status":"open","ping_status":"open","sticky":false,"template":"","format":"standard","meta":[],"categories":[2],"tags":[],"views":575,"_links":{"self":[{"href":"https:\/\/02265.com.ar\/index.php\/wp-json\/wp\/v2\/posts\/6654"}],"collection":[{"href":"https:\/\/02265.com.ar\/index.php\/wp-json\/wp\/v2\/posts"}],"about":[{"href":"https:\/\/02265.com.ar\/index.php\/wp-json\/wp\/v2\/types\/post"}],"author":[{"embeddable":true,"href":"https:\/\/02265.com.ar\/index.php\/wp-json\/wp\/v2\/users\/2"}],"replies":[{"embeddable":true,"href":"https:\/\/02265.com.ar\/index.php\/wp-json\/wp\/v2\/comments?post=6654"}],"version-history":[{"count":0,"href":"https:\/\/02265.com.ar\/index.php\/wp-json\/wp\/v2\/posts\/6654\/revisions"}],"wp:featuredmedia":[{"embeddable":true,"href":"https:\/\/02265.com.ar\/index.php\/wp-json\/wp\/v2\/media\/6656"}],"wp:attachment":[{"href":"https:\/\/02265.com.ar\/index.php\/wp-json\/wp\/v2\/media?parent=6654"}],"wp:term":[{"taxonomy":"category","embeddable":true,"href":"https:\/\/02265.com.ar\/index.php\/wp-json\/wp\/v2\/categories?post=6654"},{"taxonomy":"post_tag","embeddable":true,"href":"https:\/\/02265.com.ar\/index.php\/wp-json\/wp\/v2\/tags?post=6654"}],"curies":[{"name":"wp","href":"https:\/\/api.w.org\/{rel}","templated":true}]}}