{"id":6165,"date":"2019-12-02T04:15:00","date_gmt":"2019-12-02T07:15:00","guid":{"rendered":"http:\/\/02265.com.ar\/?p=6165"},"modified":"2019-12-02T04:15:00","modified_gmt":"2019-12-02T07:15:00","slug":"robaron-un-automovil","status":"publish","type":"post","link":"https:\/\/02265.com.ar\/index.php\/2019\/12\/02\/robaron-un-automovil\/","title":{"rendered":"CNEL VIDAL: Robaron un autom\u00f3vil en una granja y lo abandonaron cerca de Balcarce"},"content":{"rendered":"<p>Un autom\u00f3vil, Fiat Duna, fue hurtado este domingo en la zona de la Granja \u201cDon Antonio\u201d de Coronel Vidal, en la zona de Ruta Provincial 55, y fue encontrado pocas horas despu\u00e9s en cercan\u00edas de la localidad serrana de Balcarce. El caso fue de jurisdicci\u00f3n de la Patrulla Rural.<\/p>\n<p>La denuncia fue radicada en la Comisar\u00eda 1ra de Coronel Vidal, y pasada a la jurisdicci\u00f3n del C.P.R.; quienes comenzaron una investigaci\u00f3n, que termin\u00f3 con la aparici\u00f3n del rodado que fue hurtado.<\/p>\n<p>Al momento no hay mayores datos respecto al caso.<\/p>\n<p><a href=\"http:\/\/02265.com.ar\/wp-content\/uploads\/2019\/12\/77276917_3139643719383819_2147214018543091712_n.jpg\"><img decoding=\"async\" loading=\"lazy\" class=\"alignnone size-full wp-image-6166\" src=\"http:\/\/02265.com.ar\/wp-content\/uploads\/2019\/12\/77276917_3139643719383819_2147214018543091712_n.jpg\" alt=\"\" width=\"960\" height=\"852\" srcset=\"https:\/\/02265.com.ar\/wp-content\/uploads\/2019\/12\/77276917_3139643719383819_2147214018543091712_n.jpg 960w, https:\/\/02265.com.ar\/wp-content\/uploads\/2019\/12\/77276917_3139643719383819_2147214018543091712_n-300x266.jpg 300w, https:\/\/02265.com.ar\/wp-content\/uploads\/2019\/12\/77276917_3139643719383819_2147214018543091712_n-768x682.jpg 768w\" sizes=\"(max-width: 960px) 100vw, 960px\" \/><\/a> <a href=\"http:\/\/02265.com.ar\/wp-content\/uploads\/2019\/12\/77357988_3139643772717147_778814206559387648_n.jpg\"><img decoding=\"async\" loading=\"lazy\" class=\"alignnone size-full wp-image-6167\" src=\"http:\/\/02265.com.ar\/wp-content\/uploads\/2019\/12\/77357988_3139643772717147_778814206559387648_n.jpg\" alt=\"\" width=\"960\" height=\"867\" srcset=\"https:\/\/02265.com.ar\/wp-content\/uploads\/2019\/12\/77357988_3139643772717147_778814206559387648_n.jpg 960w, https:\/\/02265.com.ar\/wp-content\/uploads\/2019\/12\/77357988_3139643772717147_778814206559387648_n-300x271.jpg 300w, https:\/\/02265.com.ar\/wp-content\/uploads\/2019\/12\/77357988_3139643772717147_778814206559387648_n-768x694.jpg 768w\" sizes=\"(max-width: 960px) 100vw, 960px\" \/><\/a> <a href=\"http:\/\/02265.com.ar\/wp-content\/uploads\/2019\/12\/78353900_3139643686050489_6164299705040764928_n.jpg\"><img decoding=\"async\" loading=\"lazy\" class=\"alignnone size-full wp-image-6168\" src=\"http:\/\/02265.com.ar\/wp-content\/uploads\/2019\/12\/78353900_3139643686050489_6164299705040764928_n.jpg\" alt=\"\" width=\"960\" height=\"897\" srcset=\"https:\/\/02265.com.ar\/wp-content\/uploads\/2019\/12\/78353900_3139643686050489_6164299705040764928_n.jpg 960w, https:\/\/02265.com.ar\/wp-content\/uploads\/2019\/12\/78353900_3139643686050489_6164299705040764928_n-300x280.jpg 300w, https:\/\/02265.com.ar\/wp-content\/uploads\/2019\/12\/78353900_3139643686050489_6164299705040764928_n-768x718.jpg 768w\" sizes=\"(max-width: 960px) 100vw, 960px\" \/><\/a><\/p>\n","protected":false},"excerpt":{"rendered":"<p>Un autom\u00f3vil, Fiat Duna, fue hurtado este domingo en la zona de la Granja \u201cDon Antonio\u201d de Coronel Vidal, en la zona de Ruta Provincial<\/p>\n","protected":false},"author":2,"featured_media":6167,"comment_status":"open","ping_status":"open","sticky":false,"template":"","format":"standard","meta":[],"categories":[7,6],"tags":[],"views":243,"_links":{"self":[{"href":"https:\/\/02265.com.ar\/index.php\/wp-json\/wp\/v2\/posts\/6165"}],"collection":[{"href":"https:\/\/02265.com.ar\/index.php\/wp-json\/wp\/v2\/posts"}],"about":[{"href":"https:\/\/02265.com.ar\/index.php\/wp-json\/wp\/v2\/types\/post"}],"author":[{"embeddable":true,"href":"https:\/\/02265.com.ar\/index.php\/wp-json\/wp\/v2\/users\/2"}],"replies":[{"embeddable":true,"href":"https:\/\/02265.com.ar\/index.php\/wp-json\/wp\/v2\/comments?post=6165"}],"version-history":[{"count":0,"href":"https:\/\/02265.com.ar\/index.php\/wp-json\/wp\/v2\/posts\/6165\/revisions"}],"wp:featuredmedia":[{"embeddable":true,"href":"https:\/\/02265.com.ar\/index.php\/wp-json\/wp\/v2\/media\/6167"}],"wp:attachment":[{"href":"https:\/\/02265.com.ar\/index.php\/wp-json\/wp\/v2\/media?parent=6165"}],"wp:term":[{"taxonomy":"category","embeddable":true,"href":"https:\/\/02265.com.ar\/index.php\/wp-json\/wp\/v2\/categories?post=6165"},{"taxonomy":"post_tag","embeddable":true,"href":"https:\/\/02265.com.ar\/index.php\/wp-json\/wp\/v2\/tags?post=6165"}],"curies":[{"name":"wp","href":"https:\/\/api.w.org\/{rel}","templated":true}]}}