{"id":5085,"date":"2019-08-10T19:07:49","date_gmt":"2019-08-10T22:07:49","guid":{"rendered":"http:\/\/02265.com.ar\/?p=5085"},"modified":"2019-08-10T19:07:49","modified_gmt":"2019-08-10T22:07:49","slug":"ex-patron","status":"publish","type":"post","link":"https:\/\/02265.com.ar\/index.php\/2019\/08\/10\/ex-patron\/","title":{"rendered":"ALLANAMIENTO EN STA CLARA: Su ex patr\u00f3n lo amenaz\u00f3 de muerte con un revolver"},"content":{"rendered":"<p>Un hombre de 64 a\u00f1os fue allanado en su vivienda, luego de ser denunciado por un ex empleado, quien asegur\u00f3 que el primer hombre lo hab\u00eda amenazado con un arma de fuego. Tras la intervenci\u00f3n del Gabinete T\u00e9cnico Operativo de la Comisaria 2da de Santa Clara del Mar, se solicit\u00f3 a tribunales una orden de requisa, con el fin de encontrar el arma utilizada. En el domicilio del operativo, se hall\u00f3 un revolver 32 largo, y 6 municiones. El sujeto, de todas formas, no fue detenido.<\/p>\n<p>El hecho ocurri\u00f3 en la vivienda de la victima, cuando su ex patr\u00f3n ingres\u00f3 con el revolver y lo amenaz\u00f3 de muerte. El encontronazo qued\u00f3 calificado como Amenaza Agravada y Tenencia Ilegitima de Arma de Fuego, y el sujeto de 64 a\u00f1os, deber\u00e1 comparecer ante la justicia para dar explicaciones del caso.<\/p>\n<p><a href=\"http:\/\/02265.com.ar\/wp-content\/uploads\/2019\/08\/WhatsApp-Image-2019-08-09-at-22.40.37.jpeg\"><img decoding=\"async\" loading=\"lazy\" class=\"alignnone size-full wp-image-5086\" src=\"http:\/\/02265.com.ar\/wp-content\/uploads\/2019\/08\/WhatsApp-Image-2019-08-09-at-22.40.37.jpeg\" alt=\"\" width=\"965\" height=\"1003\" srcset=\"https:\/\/02265.com.ar\/wp-content\/uploads\/2019\/08\/WhatsApp-Image-2019-08-09-at-22.40.37.jpeg 965w, https:\/\/02265.com.ar\/wp-content\/uploads\/2019\/08\/WhatsApp-Image-2019-08-09-at-22.40.37-289x300.jpeg 289w, https:\/\/02265.com.ar\/wp-content\/uploads\/2019\/08\/WhatsApp-Image-2019-08-09-at-22.40.37-768x798.jpeg 768w\" sizes=\"(max-width: 965px) 100vw, 965px\" \/><\/a><\/p>\n","protected":false},"excerpt":{"rendered":"<p>Un hombre de 64 a\u00f1os fue allanado en su vivienda, luego de ser denunciado por un ex empleado, quien asegur\u00f3 que el primer hombre lo<\/p>\n","protected":false},"author":2,"featured_media":5087,"comment_status":"open","ping_status":"open","sticky":false,"template":"","format":"standard","meta":[],"categories":[7,6],"tags":[],"views":320,"_links":{"self":[{"href":"https:\/\/02265.com.ar\/index.php\/wp-json\/wp\/v2\/posts\/5085"}],"collection":[{"href":"https:\/\/02265.com.ar\/index.php\/wp-json\/wp\/v2\/posts"}],"about":[{"href":"https:\/\/02265.com.ar\/index.php\/wp-json\/wp\/v2\/types\/post"}],"author":[{"embeddable":true,"href":"https:\/\/02265.com.ar\/index.php\/wp-json\/wp\/v2\/users\/2"}],"replies":[{"embeddable":true,"href":"https:\/\/02265.com.ar\/index.php\/wp-json\/wp\/v2\/comments?post=5085"}],"version-history":[{"count":0,"href":"https:\/\/02265.com.ar\/index.php\/wp-json\/wp\/v2\/posts\/5085\/revisions"}],"wp:featuredmedia":[{"embeddable":true,"href":"https:\/\/02265.com.ar\/index.php\/wp-json\/wp\/v2\/media\/5087"}],"wp:attachment":[{"href":"https:\/\/02265.com.ar\/index.php\/wp-json\/wp\/v2\/media?parent=5085"}],"wp:term":[{"taxonomy":"category","embeddable":true,"href":"https:\/\/02265.com.ar\/index.php\/wp-json\/wp\/v2\/categories?post=5085"},{"taxonomy":"post_tag","embeddable":true,"href":"https:\/\/02265.com.ar\/index.php\/wp-json\/wp\/v2\/tags?post=5085"}],"curies":[{"name":"wp","href":"https:\/\/api.w.org\/{rel}","templated":true}]}}