{"id":4485,"date":"2019-06-22T19:09:25","date_gmt":"2019-06-22T22:09:25","guid":{"rendered":"http:\/\/02265.com.ar\/?p=4485"},"modified":"2019-06-22T19:10:11","modified_gmt":"2019-06-22T22:10:11","slug":"incluye-al-partido-fe","status":"publish","type":"post","link":"https:\/\/02265.com.ar\/index.php\/2019\/06\/22\/incluye-al-partido-fe\/","title":{"rendered":"Por primera vez, \u00abJuntos por el Cambio\u00bb incluye al partido Fe en su lista en Mar Chiquita"},"content":{"rendered":"<p>Se trata de la sexta precandidata a concejal de la lista de Carlos Ronda, que es afiliada al espacio que lidera Gustavo Ciantino desde hace un a\u00f1o aproximadamente. La mujer vive en la costa marchiquitense desde hace 12 a\u00f1os y se sum\u00f3 al listado del jefe comunal, tras la ratificaci\u00f3n de apoyo por parte del partido Fe a la coalici\u00f3n.<\/p>\n<p>La precandidata es estilista profesional y dise\u00f1adora de moda.<\/p>\n","protected":false},"excerpt":{"rendered":"<p>Se trata de la sexta precandidata a concejal de la lista de Carlos Ronda, que es afiliada al espacio que lidera Gustavo Ciantino desde hace<\/p>\n","protected":false},"author":2,"featured_media":4486,"comment_status":"open","ping_status":"open","sticky":false,"template":"","format":"standard","meta":[],"categories":[2],"tags":[],"views":239,"_links":{"self":[{"href":"https:\/\/02265.com.ar\/index.php\/wp-json\/wp\/v2\/posts\/4485"}],"collection":[{"href":"https:\/\/02265.com.ar\/index.php\/wp-json\/wp\/v2\/posts"}],"about":[{"href":"https:\/\/02265.com.ar\/index.php\/wp-json\/wp\/v2\/types\/post"}],"author":[{"embeddable":true,"href":"https:\/\/02265.com.ar\/index.php\/wp-json\/wp\/v2\/users\/2"}],"replies":[{"embeddable":true,"href":"https:\/\/02265.com.ar\/index.php\/wp-json\/wp\/v2\/comments?post=4485"}],"version-history":[{"count":0,"href":"https:\/\/02265.com.ar\/index.php\/wp-json\/wp\/v2\/posts\/4485\/revisions"}],"wp:featuredmedia":[{"embeddable":true,"href":"https:\/\/02265.com.ar\/index.php\/wp-json\/wp\/v2\/media\/4486"}],"wp:attachment":[{"href":"https:\/\/02265.com.ar\/index.php\/wp-json\/wp\/v2\/media?parent=4485"}],"wp:term":[{"taxonomy":"category","embeddable":true,"href":"https:\/\/02265.com.ar\/index.php\/wp-json\/wp\/v2\/categories?post=4485"},{"taxonomy":"post_tag","embeddable":true,"href":"https:\/\/02265.com.ar\/index.php\/wp-json\/wp\/v2\/tags?post=4485"}],"curies":[{"name":"wp","href":"https:\/\/api.w.org\/{rel}","templated":true}]}}