{"id":4302,"date":"2019-06-08T15:44:53","date_gmt":"2019-06-08T18:44:53","guid":{"rendered":"http:\/\/02265.com.ar\/?p=4302"},"modified":"2019-06-08T15:44:53","modified_gmt":"2019-06-08T18:44:53","slug":"retinografo","status":"publish","type":"post","link":"https:\/\/02265.com.ar\/index.php\/2019\/06\/08\/retinografo\/","title":{"rendered":"SE INSTALA UN RETIN\u00d3GRAFO DE ALTA TECNOLOG\u00cdA EN MAR CHIQUITA"},"content":{"rendered":"<p>La herramienta estar\u00e1 en el Hospital Eustaquio Aristizabal de Coronel Vidal y brindar\u00e1 diagn\u00f3sticos r\u00e1pidos para generar, en caso de patolog\u00edas, un seguimiento y resoluci\u00f3n efectiva.<\/p>\n<p>Este viernes se incorpor\u00f3 el retin\u00f3grafo no midri\u00e1tico para el tamizaje de retinopat\u00eda<br \/>\ndiab\u00e9tica en Coronel Vidal. Brindar\u00e1 a las personas asistidas una atenci\u00f3n integral e<br \/>\nintegrada.<\/p>\n<p>El aparato puede ser manejado por un t\u00e9cnico capacitado para la captura de Fondo de ojo.\u00a0Brindar\u00e1 diagn\u00f3sticos r\u00e1pidos para generar, en caso de patolog\u00edas, un seguimiento y resoluci\u00f3n efectiva.<\/p>\n<p>Estuvieron presentes el intendente Carlos Ronda, el secretario de Salud, Dr Nicol\u00e1s Marini, el director del Hospital Eustaquio Aristizabal, Dr. Santiago Beroldi, el Coordinador de\u00a0telemedicina del Hospital El Cruce, Dr. Alejandro Koch y el referente de enfermedades cr\u00f3nicas no trasmisibles de Regi\u00f3n Sanitaria VIII, Dr. Jorge Ben\u00edtez.<\/p>\n","protected":false},"excerpt":{"rendered":"<p>La herramienta estar\u00e1 en el Hospital Eustaquio Aristizabal de Coronel Vidal y brindar\u00e1 diagn\u00f3sticos r\u00e1pidos para generar, en caso de patolog\u00edas, un seguimiento y resoluci\u00f3n<\/p>\n","protected":false},"author":2,"featured_media":4303,"comment_status":"open","ping_status":"open","sticky":false,"template":"","format":"standard","meta":[],"categories":[2,6],"tags":[],"views":274,"_links":{"self":[{"href":"https:\/\/02265.com.ar\/index.php\/wp-json\/wp\/v2\/posts\/4302"}],"collection":[{"href":"https:\/\/02265.com.ar\/index.php\/wp-json\/wp\/v2\/posts"}],"about":[{"href":"https:\/\/02265.com.ar\/index.php\/wp-json\/wp\/v2\/types\/post"}],"author":[{"embeddable":true,"href":"https:\/\/02265.com.ar\/index.php\/wp-json\/wp\/v2\/users\/2"}],"replies":[{"embeddable":true,"href":"https:\/\/02265.com.ar\/index.php\/wp-json\/wp\/v2\/comments?post=4302"}],"version-history":[{"count":0,"href":"https:\/\/02265.com.ar\/index.php\/wp-json\/wp\/v2\/posts\/4302\/revisions"}],"wp:featuredmedia":[{"embeddable":true,"href":"https:\/\/02265.com.ar\/index.php\/wp-json\/wp\/v2\/media\/4303"}],"wp:attachment":[{"href":"https:\/\/02265.com.ar\/index.php\/wp-json\/wp\/v2\/media?parent=4302"}],"wp:term":[{"taxonomy":"category","embeddable":true,"href":"https:\/\/02265.com.ar\/index.php\/wp-json\/wp\/v2\/categories?post=4302"},{"taxonomy":"post_tag","embeddable":true,"href":"https:\/\/02265.com.ar\/index.php\/wp-json\/wp\/v2\/tags?post=4302"}],"curies":[{"name":"wp","href":"https:\/\/api.w.org\/{rel}","templated":true}]}}