{"id":4044,"date":"2019-05-14T15:10:49","date_gmt":"2019-05-14T18:10:49","guid":{"rendered":"http:\/\/02265.com.ar\/?p=4044"},"modified":"2019-05-14T15:10:49","modified_gmt":"2019-05-14T18:10:49","slug":"marcelo-continua-con-las-visitas","status":"publish","type":"post","link":"https:\/\/02265.com.ar\/index.php\/2019\/05\/14\/marcelo-continua-con-las-visitas\/","title":{"rendered":"INTERNA PERONISTA: MARCELO SOSA CONTIN\u00daA CON LAS VISITAS"},"content":{"rendered":"<p>En las \u00faltimas dos semanas el precandidato a intendente de Mar Chiquita por el peronismo, Marcelo Sosa, contin\u00faa con las actividades y visitas en el marco de su propuesta #IdeasParaMarChiquita, para construir junto a los vecinos las futuras acciones de Gobierno.<\/p>\n<p>Con un empuj\u00f3n de entusiasmo, que se hizo p\u00fablico y visible tras la difusi\u00f3n de algunas encuestas que lo ubican como el candidato opositor con mayores posibilidades de vencer a Carlos Ronda, es notorio que Marcelo Sosa ha incrementado el n\u00famero de actividades p\u00fablicas y reuniones privadas para escuchar a los vecinos y unificar al peronismo.<\/p>\n<p>Esto se puede ver reflejado en sus cuentas de Facebook e Instagram, por ejemplo, con un perfil activo y convocando a los vecinos de Mar Chiquita a la participaci\u00f3n.<\/p>\n<p>Las \u00faltimas recorridas incluyeron una charla con mujeres emprendedoras. En Mar de Cobo con comerciantes, la visita el 1\u00ba de mayo a los trabajadores de las Unidades Sanitarias, Bomberos Voluntarios y Polic\u00eda; reuniones vecinales en Santa Clara del Mar y Coronel Vidal; participaci\u00f3n en eventos deportivos, visita a Iglesias Evang\u00e9licas, a Centros de Jubilados y una recorrida por la f\u00e1brica Via Veg Alimentos, una empresa fundada en Santa Clara del Mar que ofrece productos nutritivos a consumidores interesados en llevar una vida m\u00e1s plena y saludable.<\/p>\n<p>Tambi\u00e9n en los \u00faltimos d\u00edas, Marcelo public\u00f3 una columna de opini\u00f3n en el Diario La Capital, d\u00f3nde expuso algunas ideas con su equipo sobre la tem\u00e1tica de medio ambiente, y se lo vio participando en Mar del Plata y Avellaneda en encuentros con referentes del peronismo de la Provincia de Buenos Aires.<\/p>\n<p><a href=\"http:\/\/02265.com.ar\/wp-content\/uploads\/2019\/05\/INTERNA-PERON-2.jpeg\"><img loading=\"lazy\" decoding=\"async\" class=\"alignnone size-full wp-image-4045\" src=\"http:\/\/02265.com.ar\/wp-content\/uploads\/2019\/05\/INTERNA-PERON-2.jpeg\" alt=\"\" width=\"516\" height=\"414\" srcset=\"https:\/\/02265.com.ar\/wp-content\/uploads\/2019\/05\/INTERNA-PERON-2.jpeg 516w, https:\/\/02265.com.ar\/wp-content\/uploads\/2019\/05\/INTERNA-PERON-2-300x241.jpeg 300w\" sizes=\"auto, (max-width: 516px) 100vw, 516px\" \/><\/a> <a href=\"http:\/\/02265.com.ar\/wp-content\/uploads\/2019\/05\/INTERNA-PERON-3.jpeg\"><img loading=\"lazy\" decoding=\"async\" class=\"alignnone size-full wp-image-4046\" src=\"http:\/\/02265.com.ar\/wp-content\/uploads\/2019\/05\/INTERNA-PERON-3.jpeg\" alt=\"\" width=\"514\" height=\"375\" srcset=\"https:\/\/02265.com.ar\/wp-content\/uploads\/2019\/05\/INTERNA-PERON-3.jpeg 514w, https:\/\/02265.com.ar\/wp-content\/uploads\/2019\/05\/INTERNA-PERON-3-300x219.jpeg 300w\" sizes=\"auto, (max-width: 514px) 100vw, 514px\" \/><\/a><\/p>\n","protected":false},"excerpt":{"rendered":"<p>En las \u00faltimas dos semanas el precandidato a intendente de Mar Chiquita por el peronismo, Marcelo Sosa, contin\u00faa con las actividades y visitas en el<\/p>\n","protected":false},"author":2,"featured_media":4047,"comment_status":"open","ping_status":"open","sticky":false,"template":"","format":"standard","meta":{"footnotes":""},"categories":[2,6],"tags":[],"class_list":["post-4044","post","type-post","status-publish","format-standard","has-post-thumbnail","hentry","category-politica","category-sociedad"],"views":264,"_links":{"self":[{"href":"https:\/\/02265.com.ar\/index.php\/wp-json\/wp\/v2\/posts\/4044","targetHints":{"allow":["GET"]}}],"collection":[{"href":"https:\/\/02265.com.ar\/index.php\/wp-json\/wp\/v2\/posts"}],"about":[{"href":"https:\/\/02265.com.ar\/index.php\/wp-json\/wp\/v2\/types\/post"}],"author":[{"embeddable":true,"href":"https:\/\/02265.com.ar\/index.php\/wp-json\/wp\/v2\/users\/2"}],"replies":[{"embeddable":true,"href":"https:\/\/02265.com.ar\/index.php\/wp-json\/wp\/v2\/comments?post=4044"}],"version-history":[{"count":0,"href":"https:\/\/02265.com.ar\/index.php\/wp-json\/wp\/v2\/posts\/4044\/revisions"}],"wp:featuredmedia":[{"embeddable":true,"href":"https:\/\/02265.com.ar\/index.php\/wp-json\/wp\/v2\/media\/4047"}],"wp:attachment":[{"href":"https:\/\/02265.com.ar\/index.php\/wp-json\/wp\/v2\/media?parent=4044"}],"wp:term":[{"taxonomy":"category","embeddable":true,"href":"https:\/\/02265.com.ar\/index.php\/wp-json\/wp\/v2\/categories?post=4044"},{"taxonomy":"post_tag","embeddable":true,"href":"https:\/\/02265.com.ar\/index.php\/wp-json\/wp\/v2\/tags?post=4044"}],"curies":[{"name":"wp","href":"https:\/\/api.w.org\/{rel}","templated":true}]}}