{"id":3505,"date":"2019-01-29T19:22:17","date_gmt":"2019-01-29T22:22:17","guid":{"rendered":"http:\/\/02265.com.ar\/?p=3505"},"modified":"2019-01-29T19:22:17","modified_gmt":"2019-01-29T22:22:17","slug":"allanamientos-positivos","status":"publish","type":"post","link":"https:\/\/02265.com.ar\/index.php\/2019\/01\/29\/allanamientos-positivos\/","title":{"rendered":"Allanamientos positivos en Mar del Plata permitieron esclarecer robos perpetrados en Santa Clara del Mar"},"content":{"rendered":"<p>Tres requisas, una este lunes y las otras dos este martes, permitieron esclarecer algunos robos que se perpetraron d\u00edas atr\u00e1s en Santa Clara del Mar. De hecho, los allanamientos fueron encabezados por persona de la Comisar\u00eda 2da de la villa balnearia y el GAD, y supervisados por el Fiscal Rodolfo Moure. Como consecuencia de las pruebas encontradas, se orden\u00f3 la detenci\u00f3n de dos sujetos de 25 y 33 a\u00f1os, que fueron trasladados la Unidad Penal N\u00ba44 de Batan.<\/p>\n<p>El primer caso se dio cuando uno de los delincuentes pretend\u00eda vender un celular robado a trav\u00e9s de las redes sociales.\u00a0 El tel\u00e9fono hab\u00eda sido sustra\u00eddo en un escruche en Santa Clara del Mar, y tras averiguaciones, lograron dar con la venta del art\u00edculo, acordando un encuentro para poder atraparlos. Alli, ambos sujetos quedaron aprehendidos. Con las pruebas suficientes, se solicit\u00f3 a la justicia que se otorgue la orden de requisa para los domicilios de ambos delincuentes, que finalmente se llevaron adelante este martes, resultando positivas.<\/p>\n<p>Los domicilios allanados en Mar del Plata se encuentran en 12 de Octubre al 6000 y en Elcano al 7600. En el primero, se logr\u00f3 dar con dos perfumes de hombre, indicados en la orden de allanamiento y un cargador de celular. En el segundo, en tanto, no se hallaron elementos de inter\u00e9s para la investigaci\u00f3n. Am\u00e9n de esto, ambos sujetos contin\u00faan detenidos a la espera de prestar declaraci\u00f3n indagatoria, en principio, por los delitos de Encubrimiento agravado por el \u00e1nimo de lucro.<\/p>\n<p><a href=\"http:\/\/02265.com.ar\/wp-content\/uploads\/2019\/01\/WhatsApp-Image-2019-01-29-at-17.04.09-2.jpeg\"><img decoding=\"async\" loading=\"lazy\" class=\"alignnone size-full wp-image-3506\" src=\"http:\/\/02265.com.ar\/wp-content\/uploads\/2019\/01\/WhatsApp-Image-2019-01-29-at-17.04.09-2.jpeg\" alt=\"\" width=\"520\" height=\"1040\" srcset=\"https:\/\/02265.com.ar\/wp-content\/uploads\/2019\/01\/WhatsApp-Image-2019-01-29-at-17.04.09-2.jpeg 520w, https:\/\/02265.com.ar\/wp-content\/uploads\/2019\/01\/WhatsApp-Image-2019-01-29-at-17.04.09-2-150x300.jpeg 150w, https:\/\/02265.com.ar\/wp-content\/uploads\/2019\/01\/WhatsApp-Image-2019-01-29-at-17.04.09-2-512x1024.jpeg 512w\" sizes=\"(max-width: 520px) 100vw, 520px\" \/><\/a> <a href=\"http:\/\/02265.com.ar\/wp-content\/uploads\/2019\/01\/WhatsApp-Image-2019-01-29-at-17.04.09.jpeg\"><img decoding=\"async\" loading=\"lazy\" class=\"alignnone size-full wp-image-3507\" src=\"http:\/\/02265.com.ar\/wp-content\/uploads\/2019\/01\/WhatsApp-Image-2019-01-29-at-17.04.09.jpeg\" alt=\"\" width=\"1024\" height=\"576\" srcset=\"https:\/\/02265.com.ar\/wp-content\/uploads\/2019\/01\/WhatsApp-Image-2019-01-29-at-17.04.09.jpeg 1024w, https:\/\/02265.com.ar\/wp-content\/uploads\/2019\/01\/WhatsApp-Image-2019-01-29-at-17.04.09-300x169.jpeg 300w, https:\/\/02265.com.ar\/wp-content\/uploads\/2019\/01\/WhatsApp-Image-2019-01-29-at-17.04.09-768x432.jpeg 768w\" sizes=\"(max-width: 1024px) 100vw, 1024px\" \/><\/a> <a href=\"http:\/\/02265.com.ar\/wp-content\/uploads\/2019\/01\/WhatsApp-Image-2019-01-29-at-17.05.54-1.jpeg\"><img decoding=\"async\" loading=\"lazy\" class=\"alignnone size-full wp-image-3508\" src=\"http:\/\/02265.com.ar\/wp-content\/uploads\/2019\/01\/WhatsApp-Image-2019-01-29-at-17.05.54-1.jpeg\" alt=\"\" width=\"520\" height=\"1040\" srcset=\"https:\/\/02265.com.ar\/wp-content\/uploads\/2019\/01\/WhatsApp-Image-2019-01-29-at-17.05.54-1.jpeg 520w, https:\/\/02265.com.ar\/wp-content\/uploads\/2019\/01\/WhatsApp-Image-2019-01-29-at-17.05.54-1-150x300.jpeg 150w, https:\/\/02265.com.ar\/wp-content\/uploads\/2019\/01\/WhatsApp-Image-2019-01-29-at-17.05.54-1-512x1024.jpeg 512w\" sizes=\"(max-width: 520px) 100vw, 520px\" \/><\/a> <a href=\"http:\/\/02265.com.ar\/wp-content\/uploads\/2019\/01\/WhatsApp-Image-2019-01-29-at-17.05.54.jpeg\"><img decoding=\"async\" loading=\"lazy\" class=\"alignnone size-full wp-image-3509\" src=\"http:\/\/02265.com.ar\/wp-content\/uploads\/2019\/01\/WhatsApp-Image-2019-01-29-at-17.05.54.jpeg\" alt=\"\" width=\"1040\" height=\"780\" srcset=\"https:\/\/02265.com.ar\/wp-content\/uploads\/2019\/01\/WhatsApp-Image-2019-01-29-at-17.05.54.jpeg 1040w, https:\/\/02265.com.ar\/wp-content\/uploads\/2019\/01\/WhatsApp-Image-2019-01-29-at-17.05.54-300x225.jpeg 300w, https:\/\/02265.com.ar\/wp-content\/uploads\/2019\/01\/WhatsApp-Image-2019-01-29-at-17.05.54-768x576.jpeg 768w, https:\/\/02265.com.ar\/wp-content\/uploads\/2019\/01\/WhatsApp-Image-2019-01-29-at-17.05.54-1024x768.jpeg 1024w\" sizes=\"(max-width: 1040px) 100vw, 1040px\" \/><\/a><\/p>\n<div style=\"width: 640px;\" class=\"wp-video\"><!--[if lt IE 9]><script>document.createElement('video');<\/script><![endif]-->\n<video class=\"wp-video-shortcode\" id=\"video-3505-1\" width=\"640\" height=\"352\" preload=\"metadata\" controls=\"controls\"><source type=\"video\/mp4\" src=\"http:\/\/02265.com.ar\/wp-content\/uploads\/2019\/01\/WhatsApp-Video-2019-01-29-at-17.05.55-1.mp4?_=1\" \/><a href=\"http:\/\/02265.com.ar\/wp-content\/uploads\/2019\/01\/WhatsApp-Video-2019-01-29-at-17.05.55-1.mp4\">http:\/\/02265.com.ar\/wp-content\/uploads\/2019\/01\/WhatsApp-Video-2019-01-29-at-17.05.55-1.mp4<\/a><\/video><\/div>\n<div style=\"width: 640px;\" class=\"wp-video\"><video class=\"wp-video-shortcode\" id=\"video-3505-2\" width=\"640\" height=\"352\" preload=\"metadata\" controls=\"controls\"><source type=\"video\/mp4\" src=\"http:\/\/02265.com.ar\/wp-content\/uploads\/2019\/01\/WhatsApp-Video-2019-01-29-at-17.05.55.mp4?_=2\" \/><a href=\"http:\/\/02265.com.ar\/wp-content\/uploads\/2019\/01\/WhatsApp-Video-2019-01-29-at-17.05.55.mp4\">http:\/\/02265.com.ar\/wp-content\/uploads\/2019\/01\/WhatsApp-Video-2019-01-29-at-17.05.55.mp4<\/a><\/video><\/div>\n","protected":false},"excerpt":{"rendered":"<p>Tres requisas, una este lunes y las otras dos este martes, permitieron esclarecer algunos robos que se perpetraron d\u00edas atr\u00e1s en Santa Clara del Mar.<\/p>\n","protected":false},"author":2,"featured_media":3512,"comment_status":"open","ping_status":"open","sticky":false,"template":"","format":"standard","meta":[],"categories":[7,6],"tags":[],"views":484,"_links":{"self":[{"href":"https:\/\/02265.com.ar\/index.php\/wp-json\/wp\/v2\/posts\/3505"}],"collection":[{"href":"https:\/\/02265.com.ar\/index.php\/wp-json\/wp\/v2\/posts"}],"about":[{"href":"https:\/\/02265.com.ar\/index.php\/wp-json\/wp\/v2\/types\/post"}],"author":[{"embeddable":true,"href":"https:\/\/02265.com.ar\/index.php\/wp-json\/wp\/v2\/users\/2"}],"replies":[{"embeddable":true,"href":"https:\/\/02265.com.ar\/index.php\/wp-json\/wp\/v2\/comments?post=3505"}],"version-history":[{"count":0,"href":"https:\/\/02265.com.ar\/index.php\/wp-json\/wp\/v2\/posts\/3505\/revisions"}],"wp:featuredmedia":[{"embeddable":true,"href":"https:\/\/02265.com.ar\/index.php\/wp-json\/wp\/v2\/media\/3512"}],"wp:attachment":[{"href":"https:\/\/02265.com.ar\/index.php\/wp-json\/wp\/v2\/media?parent=3505"}],"wp:term":[{"taxonomy":"category","embeddable":true,"href":"https:\/\/02265.com.ar\/index.php\/wp-json\/wp\/v2\/categories?post=3505"},{"taxonomy":"post_tag","embeddable":true,"href":"https:\/\/02265.com.ar\/index.php\/wp-json\/wp\/v2\/tags?post=3505"}],"curies":[{"name":"wp","href":"https:\/\/api.w.org\/{rel}","templated":true}]}}