{"id":2350,"date":"2018-08-18T21:44:28","date_gmt":"2018-08-18T21:44:28","guid":{"rendered":"http:\/\/02265.com.ar\/?p=2350"},"modified":"2018-08-18T21:44:28","modified_gmt":"2018-08-18T21:44:28","slug":"cooperativa-costa-norte","status":"publish","type":"post","link":"https:\/\/02265.com.ar\/index.php\/2018\/08\/18\/cooperativa-costa-norte\/","title":{"rendered":"Representantes de la Cooperativa Arbolito tuvieron una fruct\u00edfera reuni\u00f3n con abonados de la Costa Norte"},"content":{"rendered":"<p>Encabezados por el presidente de la Cooperativa, Juan Pigliacampo, y parte de la comisi\u00f3n directiva de la misma, se realiz\u00f3 en la Costa Norte de Mar Chiquita una reuni\u00f3n con abonados del servicio el\u00e9ctrico, a quienes se les informo de las obras en curso y de lo que viene en adelante. As\u00ed mismo, los vecinos tuvieron la oportunidad de realizar preguntas a los componentes de la instituci\u00f3n, quienes aclararon todas las dudas pertinentes.<\/p>\n<p>Pigliacampo present\u00f3 ante los abonados un mapa, en el que mostr\u00f3 los avances de las obras y la planificaci\u00f3n, dando un informe detallado. Las obras venideras, de acuerdo a lo charlado, comenzaran entre septiembre y diciembre del corriente a\u00f1o, acarreando beneficios para los usuarios.<\/p>\n","protected":false},"excerpt":{"rendered":"<p>Encabezados por el presidente de la Cooperativa, Juan Pigliacampo, y parte de la comisi\u00f3n directiva de la misma, se realiz\u00f3 en la Costa Norte de<\/p>\n","protected":false},"author":2,"featured_media":2351,"comment_status":"open","ping_status":"open","sticky":false,"template":"","format":"standard","meta":[],"categories":[6],"tags":[],"views":819,"_links":{"self":[{"href":"https:\/\/02265.com.ar\/index.php\/wp-json\/wp\/v2\/posts\/2350"}],"collection":[{"href":"https:\/\/02265.com.ar\/index.php\/wp-json\/wp\/v2\/posts"}],"about":[{"href":"https:\/\/02265.com.ar\/index.php\/wp-json\/wp\/v2\/types\/post"}],"author":[{"embeddable":true,"href":"https:\/\/02265.com.ar\/index.php\/wp-json\/wp\/v2\/users\/2"}],"replies":[{"embeddable":true,"href":"https:\/\/02265.com.ar\/index.php\/wp-json\/wp\/v2\/comments?post=2350"}],"version-history":[{"count":0,"href":"https:\/\/02265.com.ar\/index.php\/wp-json\/wp\/v2\/posts\/2350\/revisions"}],"wp:featuredmedia":[{"embeddable":true,"href":"https:\/\/02265.com.ar\/index.php\/wp-json\/wp\/v2\/media\/2351"}],"wp:attachment":[{"href":"https:\/\/02265.com.ar\/index.php\/wp-json\/wp\/v2\/media?parent=2350"}],"wp:term":[{"taxonomy":"category","embeddable":true,"href":"https:\/\/02265.com.ar\/index.php\/wp-json\/wp\/v2\/categories?post=2350"},{"taxonomy":"post_tag","embeddable":true,"href":"https:\/\/02265.com.ar\/index.php\/wp-json\/wp\/v2\/tags?post=2350"}],"curies":[{"name":"wp","href":"https:\/\/api.w.org\/{rel}","templated":true}]}}