{"id":2346,"date":"2018-08-18T19:51:40","date_gmt":"2018-08-18T19:51:40","guid":{"rendered":"http:\/\/02265.com.ar\/?p=2346"},"modified":"2018-08-18T20:24:31","modified_gmt":"2018-08-18T20:24:31","slug":"acciaresi-cta","status":"publish","type":"post","link":"https:\/\/02265.com.ar\/index.php\/2018\/08\/18\/acciaresi-cta\/","title":{"rendered":"Alejandro Acciaresi va como candidato en la Lista 10 por la conducci\u00f3n de la CTA Mar del Plata"},"content":{"rendered":"<p>El joven guardavidas, que tambi\u00e9n tuvo incursi\u00f3n como candidato a concejal en 2017, forma parte de la lista N\u00ba 10, que fue presentada este viernes en el local de la CTA regional de Mar del Plata. Acciaresi, que tiene el apoyo de U.G.A.M. ira por un lugar en la nueva conducci\u00f3n, en el marco de la Secretaria de Turismo Social y Deporte de la Central.<\/p>\n<p>De la presentaci\u00f3n de la lista participaron varios dirigentes, como Roberto Baradel y Fernanda \u00a0Raverta.<\/p>\n<p>Acciaresi va como candidato a Vocal y Congresal<\/p>\n","protected":false},"excerpt":{"rendered":"<p>El joven guardavidas, que tambi\u00e9n tuvo incursi\u00f3n como candidato a concejal en 2017, forma parte de la lista N\u00ba 10, que fue presentada este viernes<\/p>\n","protected":false},"author":2,"featured_media":2347,"comment_status":"open","ping_status":"open","sticky":false,"template":"","format":"standard","meta":[],"categories":[1,2],"tags":[],"views":547,"_links":{"self":[{"href":"https:\/\/02265.com.ar\/index.php\/wp-json\/wp\/v2\/posts\/2346"}],"collection":[{"href":"https:\/\/02265.com.ar\/index.php\/wp-json\/wp\/v2\/posts"}],"about":[{"href":"https:\/\/02265.com.ar\/index.php\/wp-json\/wp\/v2\/types\/post"}],"author":[{"embeddable":true,"href":"https:\/\/02265.com.ar\/index.php\/wp-json\/wp\/v2\/users\/2"}],"replies":[{"embeddable":true,"href":"https:\/\/02265.com.ar\/index.php\/wp-json\/wp\/v2\/comments?post=2346"}],"version-history":[{"count":0,"href":"https:\/\/02265.com.ar\/index.php\/wp-json\/wp\/v2\/posts\/2346\/revisions"}],"wp:featuredmedia":[{"embeddable":true,"href":"https:\/\/02265.com.ar\/index.php\/wp-json\/wp\/v2\/media\/2347"}],"wp:attachment":[{"href":"https:\/\/02265.com.ar\/index.php\/wp-json\/wp\/v2\/media?parent=2346"}],"wp:term":[{"taxonomy":"category","embeddable":true,"href":"https:\/\/02265.com.ar\/index.php\/wp-json\/wp\/v2\/categories?post=2346"},{"taxonomy":"post_tag","embeddable":true,"href":"https:\/\/02265.com.ar\/index.php\/wp-json\/wp\/v2\/tags?post=2346"}],"curies":[{"name":"wp","href":"https:\/\/api.w.org\/{rel}","templated":true}]}}