{"id":2206,"date":"2018-08-05T07:07:12","date_gmt":"2018-08-05T07:07:12","guid":{"rendered":"http:\/\/02265.com.ar\/?p=2206"},"modified":"2018-08-05T07:07:12","modified_gmt":"2018-08-05T07:07:12","slug":"incendio-camioneta","status":"publish","type":"post","link":"https:\/\/02265.com.ar\/index.php\/2018\/08\/05\/incendio-camioneta\/","title":{"rendered":"Se incendi\u00f3 una camioneta en cercan\u00edas de Coronel Vidal este s\u00e1bado por la noche"},"content":{"rendered":"<p>Una camioneta, Chevrolet, se incendi\u00f3 este s\u00e1bado alrededor de las 20:40 hs en cercan\u00edas de la localidad de Coronel Vidal. Al lugar acudieron dos dotaciones de Bomberos Voluntarios, a cargo del jefe del cuartel, Diego G\u00f3mez.<\/p>\n<p>Seg\u00fan consignaron desde el perfil del cuartel, solo se registraron da\u00f1os materiales en el rodado.<\/p>\n","protected":false},"excerpt":{"rendered":"<p>Una camioneta, Chevrolet, se incendi\u00f3 este s\u00e1bado alrededor de las 20:40 hs en cercan\u00edas de la localidad de Coronel Vidal. Al lugar acudieron dos dotaciones<\/p>\n","protected":false},"author":2,"featured_media":2207,"comment_status":"open","ping_status":"open","sticky":false,"template":"","format":"standard","meta":[],"categories":[7,6],"tags":[],"views":1026,"_links":{"self":[{"href":"https:\/\/02265.com.ar\/index.php\/wp-json\/wp\/v2\/posts\/2206"}],"collection":[{"href":"https:\/\/02265.com.ar\/index.php\/wp-json\/wp\/v2\/posts"}],"about":[{"href":"https:\/\/02265.com.ar\/index.php\/wp-json\/wp\/v2\/types\/post"}],"author":[{"embeddable":true,"href":"https:\/\/02265.com.ar\/index.php\/wp-json\/wp\/v2\/users\/2"}],"replies":[{"embeddable":true,"href":"https:\/\/02265.com.ar\/index.php\/wp-json\/wp\/v2\/comments?post=2206"}],"version-history":[{"count":0,"href":"https:\/\/02265.com.ar\/index.php\/wp-json\/wp\/v2\/posts\/2206\/revisions"}],"wp:featuredmedia":[{"embeddable":true,"href":"https:\/\/02265.com.ar\/index.php\/wp-json\/wp\/v2\/media\/2207"}],"wp:attachment":[{"href":"https:\/\/02265.com.ar\/index.php\/wp-json\/wp\/v2\/media?parent=2206"}],"wp:term":[{"taxonomy":"category","embeddable":true,"href":"https:\/\/02265.com.ar\/index.php\/wp-json\/wp\/v2\/categories?post=2206"},{"taxonomy":"post_tag","embeddable":true,"href":"https:\/\/02265.com.ar\/index.php\/wp-json\/wp\/v2\/tags?post=2206"}],"curies":[{"name":"wp","href":"https:\/\/api.w.org\/{rel}","templated":true}]}}