{"id":20789,"date":"2026-09-04T11:20:10","date_gmt":"2026-09-04T14:20:10","guid":{"rendered":"https:\/\/02265.com.ar\/?p=20789"},"modified":"2026-09-04T11:20:11","modified_gmt":"2026-09-04T14:20:11","slug":"desarticulan-un-punto-narcomenudeo","status":"publish","type":"post","link":"https:\/\/02265.com.ar\/index.php\/2026\/09\/04\/desarticulan-un-punto-narcomenudeo\/","title":{"rendered":"Desarticulan un punto narcomenudeo: un detenido tras allanamiento"},"content":{"rendered":"\n<p class=\"wp-block-paragraph\">En un operativo llevado a cabo durante la madrugada de este viernes 4 de septiembre, personal de la Estaci\u00f3n de Polic\u00eda Comunal Segunda de Santa Clara del Mar, concret\u00f3 una orden de allanamiento, requisa y secuestro en una vivienda ubicada en la calle Trouville.<\/p>\n\n\n\n<p class=\"wp-block-paragraph\">La investigaci\u00f3n, impulsada por la UFI Descentralizada de Mar Chiquita a cargo del Dr. Ramiro Anchou y con la autorizaci\u00f3n de la jueza Lucrecia Bustos, titular del Juzgado de Garant\u00edas N\u00b0 6 de Mar del Plata, incluy\u00f3 tareas de campo, registros f\u00edlmicos y fotogr\u00e1ficos que permitieron acreditar de manera fehaciente el comercio de estupefacientes al menudeo en el lugar.<\/p>\n\n\n\n<p class=\"wp-block-paragraph\">Durante el procedimiento, ejecutado cerca de las 02am, los efectivos procedieron a la aprehensi\u00f3n de un hombre de 39 a\u00f1os, residente local.<\/p>\n\n\n\n<p class=\"wp-block-paragraph\">En el inmueble se incautaron los siguientes elementos de inter\u00e9s para la causa:<\/p>\n\n\n\n<ul class=\"wp-block-list\">\n<li>Varios envoltorios con coca\u00edna y marihuana.<\/li>\n\n\n\n<li>Elementos de fraccionamiento: tijeras y recortes de nylon.<\/li>\n\n\n\n<li>Una balanza y dinero en efectivo.<\/li>\n\n\n\n<li>Cinco tel\u00e9fonos celulares.<\/li>\n\n\n\n<li>Un rev\u00f3lver calibre 38 cargado con municiones, junto a otros cartuchos de diversos calibres.<\/li>\n\n\n\n<li>Una bicicleta rodado 29.<\/li>\n<\/ul>\n\n\n\n<p class=\"wp-block-paragraph\">Tras los hallazgos, la fiscal\u00eda interviniente convalid\u00f3 los secuestros y dispuso la formal notificaci\u00f3n de la causa (Art. 60 del C\u00f3digo Procesal Penal) bajo los delitos de <em>Comercializaci\u00f3n de estupefacientes propiamente dicha<\/em> (Art. 5 inc. C, Ley 23.737) y <em>Tenencia\/Portaci\u00f3n ilegal de arma de fuego<\/em>. El aprehendido fue trasladado y alojado en la Unidad Penal N\u00b0 44 de Bat\u00e1n.<\/p>\n","protected":false},"excerpt":{"rendered":"<p>En un operativo llevado a cabo durante la madrugada de este viernes 4 de septiembre, personal de la Estaci\u00f3n de\u2026<\/p>\n","protected":false},"author":2,"featured_media":20790,"comment_status":"open","ping_status":"open","sticky":false,"template":"","format":"standard","meta":{"footnotes":""},"categories":[6],"tags":[],"class_list":["post-20789","post","type-post","status-publish","format-standard","has-post-thumbnail","hentry","category-sociedad"],"views":476,"_links":{"self":[{"href":"https:\/\/02265.com.ar\/index.php\/wp-json\/wp\/v2\/posts\/20789","targetHints":{"allow":["GET"]}}],"collection":[{"href":"https:\/\/02265.com.ar\/index.php\/wp-json\/wp\/v2\/posts"}],"about":[{"href":"https:\/\/02265.com.ar\/index.php\/wp-json\/wp\/v2\/types\/post"}],"author":[{"embeddable":true,"href":"https:\/\/02265.com.ar\/index.php\/wp-json\/wp\/v2\/users\/2"}],"replies":[{"embeddable":true,"href":"https:\/\/02265.com.ar\/index.php\/wp-json\/wp\/v2\/comments?post=20789"}],"version-history":[{"count":1,"href":"https:\/\/02265.com.ar\/index.php\/wp-json\/wp\/v2\/posts\/20789\/revisions"}],"predecessor-version":[{"id":20791,"href":"https:\/\/02265.com.ar\/index.php\/wp-json\/wp\/v2\/posts\/20789\/revisions\/20791"}],"wp:featuredmedia":[{"embeddable":true,"href":"https:\/\/02265.com.ar\/index.php\/wp-json\/wp\/v2\/media\/20790"}],"wp:attachment":[{"href":"https:\/\/02265.com.ar\/index.php\/wp-json\/wp\/v2\/media?parent=20789"}],"wp:term":[{"taxonomy":"category","embeddable":true,"href":"https:\/\/02265.com.ar\/index.php\/wp-json\/wp\/v2\/categories?post=20789"},{"taxonomy":"post_tag","embeddable":true,"href":"https:\/\/02265.com.ar\/index.php\/wp-json\/wp\/v2\/tags?post=20789"}],"curies":[{"name":"wp","href":"https:\/\/api.w.org\/{rel}","templated":true}]}}