{"id":20786,"date":"2026-09-04T09:53:54","date_gmt":"2026-09-04T12:53:54","guid":{"rendered":"https:\/\/02265.com.ar\/?p=20786"},"modified":"2026-09-04T09:53:54","modified_gmt":"2026-09-04T12:53:54","slug":"la-cooperativa-arbolito-acompanara-ante-el-oceba","status":"publish","type":"post","link":"https:\/\/02265.com.ar\/index.php\/2026\/09\/04\/la-cooperativa-arbolito-acompanara-ante-el-oceba\/","title":{"rendered":"La Cooperativa Arbolito acompa\u00f1ar\u00e1 ante el OCEBA la inquietud de los usuarios por el proyecto de electrointensivos"},"content":{"rendered":"\n<p class=\"wp-block-paragraph\">En virtud del trabajo conjunto con socios y usuarios, la Cooperativa Arbolito acompa\u00f1ar\u00e1 ante el OCEBA la inquietud del proyecto de electrointensivos referida a la solicitud de evaluaci\u00f3n y adopci\u00f3n de medidas tarifarias diferenciales para usuarios residenciales del servicio el\u00e9ctrico sin acceso a los servicios de gas natural y\/o agua potable por red.<\/p>\n\n\n\n<p class=\"wp-block-paragraph\">La iniciativa se enmarca en que en numerosos sectores de la Provincia de Buenos Aires existen hogares que no cuentan con servicio de gas natural por redes ni con provisi\u00f3n de agua potable, dependiendo de manera pr\u00e1cticamente exclusiva de la energ\u00eda el\u00e9ctrica para satisfacer necesidades esenciales de la vida cotidiana, situaci\u00f3n que atraviesan diversos usuarios de la Cooperativa Arbolito en la Costa Norte del Partido de Mar Chiquita (La Caleta, Mar de Cobo, La Baliza, Parque Lago, Balneario Parque Mar Chiquita).<\/p>\n\n\n\n<p class=\"wp-block-paragraph\">En efecto, el Consejo de Administraci\u00f3n de la cooperativa solicit\u00f3 una audiencia a la brevedad al OCEBA para poner en conocimiento al organismo y paralelamente puso a disposici\u00f3n de socios y usuarios en sus oficinas de atenci\u00f3n al p\u00fablico el proyecto para que quienes est\u00e9n interesados en acompa\u00f1ar puedan firmarlo.<\/p>\n","protected":false},"excerpt":{"rendered":"<p>En virtud del trabajo conjunto con socios y usuarios, la Cooperativa Arbolito acompa\u00f1ar\u00e1 ante el OCEBA la inquietud del proyecto\u2026<\/p>\n","protected":false},"author":2,"featured_media":20787,"comment_status":"open","ping_status":"open","sticky":false,"template":"","format":"standard","meta":{"footnotes":""},"categories":[6],"tags":[],"class_list":["post-20786","post","type-post","status-publish","format-standard","has-post-thumbnail","hentry","category-sociedad"],"views":83,"_links":{"self":[{"href":"https:\/\/02265.com.ar\/index.php\/wp-json\/wp\/v2\/posts\/20786","targetHints":{"allow":["GET"]}}],"collection":[{"href":"https:\/\/02265.com.ar\/index.php\/wp-json\/wp\/v2\/posts"}],"about":[{"href":"https:\/\/02265.com.ar\/index.php\/wp-json\/wp\/v2\/types\/post"}],"author":[{"embeddable":true,"href":"https:\/\/02265.com.ar\/index.php\/wp-json\/wp\/v2\/users\/2"}],"replies":[{"embeddable":true,"href":"https:\/\/02265.com.ar\/index.php\/wp-json\/wp\/v2\/comments?post=20786"}],"version-history":[{"count":1,"href":"https:\/\/02265.com.ar\/index.php\/wp-json\/wp\/v2\/posts\/20786\/revisions"}],"predecessor-version":[{"id":20788,"href":"https:\/\/02265.com.ar\/index.php\/wp-json\/wp\/v2\/posts\/20786\/revisions\/20788"}],"wp:featuredmedia":[{"embeddable":true,"href":"https:\/\/02265.com.ar\/index.php\/wp-json\/wp\/v2\/media\/20787"}],"wp:attachment":[{"href":"https:\/\/02265.com.ar\/index.php\/wp-json\/wp\/v2\/media?parent=20786"}],"wp:term":[{"taxonomy":"category","embeddable":true,"href":"https:\/\/02265.com.ar\/index.php\/wp-json\/wp\/v2\/categories?post=20786"},{"taxonomy":"post_tag","embeddable":true,"href":"https:\/\/02265.com.ar\/index.php\/wp-json\/wp\/v2\/tags?post=20786"}],"curies":[{"name":"wp","href":"https:\/\/api.w.org\/{rel}","templated":true}]}}