{"id":20783,"date":"2026-09-02T10:45:39","date_gmt":"2026-09-02T13:45:39","guid":{"rendered":"https:\/\/02265.com.ar\/?p=20783"},"modified":"2026-09-02T10:45:39","modified_gmt":"2026-09-02T13:45:39","slug":"discusion-termino-con-una-mujer-aprehendida","status":"publish","type":"post","link":"https:\/\/02265.com.ar\/index.php\/2026\/09\/02\/discusion-termino-con-una-mujer-aprehendida\/","title":{"rendered":"Discusi\u00f3n termin\u00f3 con una mujer aprehendida y trasladada al penal de Bat\u00e1n"},"content":{"rendered":"\n<p class=\"wp-block-paragraph\">Una discusi\u00f3n ocurrida en la avenida Acapulco al 1200, en pleno centro de Santa Clara del Mar, deriv\u00f3 en la aprehensi\u00f3n de una mujer de 35 a\u00f1os acusada de agredir f\u00edsicamente y amenazar de muerte a otra de 49.<\/p>\n\n\n\n<p class=\"wp-block-paragraph\">El hecho se registr\u00f3 tras un llamado al 911 que alert\u00f3 sobre una gresca en el lugar. Al arribar, personal de la Estaci\u00f3n de Polic\u00eda Comunal 2da entrevist\u00f3 a la v\u00edctima, quien denunci\u00f3 que tras una discusi\u00f3n fue agredida verbal y f\u00edsicamente por la otra mujer. La v\u00edctima present\u00f3 una contusi\u00f3n en el labio izquierdo, por lo que se le realiz\u00f3 el correspondiente precario m\u00e9dico.<\/p>\n\n\n\n<p class=\"wp-block-paragraph\">Intervino la UFI de Flagrancia a cargo de la Dra. Caro, quien aval\u00f3 la aprehensi\u00f3n de la agresora, dispuso la notificaci\u00f3n del art\u00edculo 60 del C\u00f3digo Procesal Penal y orden\u00f3 su traslado y alojamiento en la Unidad Penal N\u00b0 50 de Bat\u00e1n. El caso qued\u00f3 caratulado como <strong>Lesiones leves y amenazas<\/strong>.<\/p>\n","protected":false},"excerpt":{"rendered":"<p>Una discusi\u00f3n ocurrida en la avenida Acapulco al 1200, en pleno centro de Santa Clara del Mar, deriv\u00f3 en la\u2026<\/p>\n","protected":false},"author":2,"featured_media":20784,"comment_status":"open","ping_status":"open","sticky":false,"template":"","format":"standard","meta":{"footnotes":""},"categories":[6],"tags":[],"class_list":["post-20783","post","type-post","status-publish","format-standard","has-post-thumbnail","hentry","category-sociedad"],"views":333,"_links":{"self":[{"href":"https:\/\/02265.com.ar\/index.php\/wp-json\/wp\/v2\/posts\/20783","targetHints":{"allow":["GET"]}}],"collection":[{"href":"https:\/\/02265.com.ar\/index.php\/wp-json\/wp\/v2\/posts"}],"about":[{"href":"https:\/\/02265.com.ar\/index.php\/wp-json\/wp\/v2\/types\/post"}],"author":[{"embeddable":true,"href":"https:\/\/02265.com.ar\/index.php\/wp-json\/wp\/v2\/users\/2"}],"replies":[{"embeddable":true,"href":"https:\/\/02265.com.ar\/index.php\/wp-json\/wp\/v2\/comments?post=20783"}],"version-history":[{"count":1,"href":"https:\/\/02265.com.ar\/index.php\/wp-json\/wp\/v2\/posts\/20783\/revisions"}],"predecessor-version":[{"id":20785,"href":"https:\/\/02265.com.ar\/index.php\/wp-json\/wp\/v2\/posts\/20783\/revisions\/20785"}],"wp:featuredmedia":[{"embeddable":true,"href":"https:\/\/02265.com.ar\/index.php\/wp-json\/wp\/v2\/media\/20784"}],"wp:attachment":[{"href":"https:\/\/02265.com.ar\/index.php\/wp-json\/wp\/v2\/media?parent=20783"}],"wp:term":[{"taxonomy":"category","embeddable":true,"href":"https:\/\/02265.com.ar\/index.php\/wp-json\/wp\/v2\/categories?post=20783"},{"taxonomy":"post_tag","embeddable":true,"href":"https:\/\/02265.com.ar\/index.php\/wp-json\/wp\/v2\/tags?post=20783"}],"curies":[{"name":"wp","href":"https:\/\/api.w.org\/{rel}","templated":true}]}}