{"id":20779,"date":"2026-08-31T10:33:13","date_gmt":"2026-08-31T13:33:13","guid":{"rendered":"https:\/\/02265.com.ar\/?p=20779"},"modified":"2026-08-31T10:33:14","modified_gmt":"2026-08-31T13:33:14","slug":"mar-chiquita-avanza-con-la-elaboracion-de-un-nuevo-reglamento-de-edificaciones","status":"publish","type":"post","link":"https:\/\/02265.com.ar\/index.php\/2026\/08\/31\/mar-chiquita-avanza-con-la-elaboracion-de-un-nuevo-reglamento-de-edificaciones\/","title":{"rendered":"Mar Chiquita avanza con la elaboraci\u00f3n de un nuevo Reglamento de Edificaciones"},"content":{"rendered":"\n<p class=\"wp-block-paragraph\">El intendente Walter Wischnivetzky encabez\u00f3 un encuentro con autoridades del Colegio de Arquitectos y del Colegio de T\u00e9cnicos para continuar trabajando en la redacci\u00f3n de un nuevo Reglamento de Edificaciones para el Partido de Mar Chiquita. \u201cSeguimos trabajando junto a las instituciones profesionales para construir una normativa moderna, eficiente y adecuada a las necesidades actuales de Mar Chiquita\u201d, asegur\u00f3 el jefe comunal.&nbsp;<\/p>\n\n\n\n<p class=\"wp-block-paragraph\">Durante el encuentro se mostraron los avances del proyecto, se intercambiaron aportes y observaciones t\u00e9cnicas, y se acord\u00f3 continuar con una agenda de trabajo conjunta para enriquecer la propuesta.<\/p>\n\n\n\n<p class=\"wp-block-paragraph\">El nuevo reglamento buscar\u00e1 actualizar la normativa vigente, simplificar los procedimientos y establecer reglas m\u00e1s claras para los profesionales, vecinos y desarrolladores, acompa\u00f1ando el crecimiento ordenado y sustentable de nuestras localidades.<\/p>\n\n\n\n<p class=\"wp-block-paragraph\">Del encuentro participaron el secretario de Gobierno, Facundo Bochicchio; la directora de Obras Privadas, Estefania Murias y por parte de los colegios profesionales, estuvieron presentes el presidente del Colegio de T\u00e9cnicos de la Provincia de Buenos Aires Distrito 5, Diego Haag y el presidente del Colegio de Arquitectos de la Provincia de Buenos Aires Distrito IX, el arquitecto Diego Domingorena.<\/p>\n","protected":false},"excerpt":{"rendered":"<p>El intendente Walter Wischnivetzky encabez\u00f3 un encuentro con autoridades del Colegio de Arquitectos y del Colegio de T\u00e9cnicos para continuar\u2026<\/p>\n","protected":false},"author":2,"featured_media":20780,"comment_status":"open","ping_status":"open","sticky":false,"template":"","format":"standard","meta":{"footnotes":""},"categories":[6],"tags":[],"class_list":["post-20779","post","type-post","status-publish","format-standard","has-post-thumbnail","hentry","category-sociedad"],"views":11,"_links":{"self":[{"href":"https:\/\/02265.com.ar\/index.php\/wp-json\/wp\/v2\/posts\/20779","targetHints":{"allow":["GET"]}}],"collection":[{"href":"https:\/\/02265.com.ar\/index.php\/wp-json\/wp\/v2\/posts"}],"about":[{"href":"https:\/\/02265.com.ar\/index.php\/wp-json\/wp\/v2\/types\/post"}],"author":[{"embeddable":true,"href":"https:\/\/02265.com.ar\/index.php\/wp-json\/wp\/v2\/users\/2"}],"replies":[{"embeddable":true,"href":"https:\/\/02265.com.ar\/index.php\/wp-json\/wp\/v2\/comments?post=20779"}],"version-history":[{"count":1,"href":"https:\/\/02265.com.ar\/index.php\/wp-json\/wp\/v2\/posts\/20779\/revisions"}],"predecessor-version":[{"id":20781,"href":"https:\/\/02265.com.ar\/index.php\/wp-json\/wp\/v2\/posts\/20779\/revisions\/20781"}],"wp:featuredmedia":[{"embeddable":true,"href":"https:\/\/02265.com.ar\/index.php\/wp-json\/wp\/v2\/media\/20780"}],"wp:attachment":[{"href":"https:\/\/02265.com.ar\/index.php\/wp-json\/wp\/v2\/media?parent=20779"}],"wp:term":[{"taxonomy":"category","embeddable":true,"href":"https:\/\/02265.com.ar\/index.php\/wp-json\/wp\/v2\/categories?post=20779"},{"taxonomy":"post_tag","embeddable":true,"href":"https:\/\/02265.com.ar\/index.php\/wp-json\/wp\/v2\/tags?post=20779"}],"curies":[{"name":"wp","href":"https:\/\/api.w.org\/{rel}","templated":true}]}}