{"id":20287,"date":"2026-03-25T10:57:46","date_gmt":"2026-03-25T13:57:46","guid":{"rendered":"https:\/\/02265.com.ar\/?p=20287"},"modified":"2026-03-25T10:57:55","modified_gmt":"2026-03-25T13:57:55","slug":"a-50-anos-del-golpe","status":"publish","type":"post","link":"https:\/\/02265.com.ar\/index.php\/2026\/03\/25\/a-50-anos-del-golpe\/","title":{"rendered":"A 50 a\u00f1os del golpe, Mar Chiquita march\u00f3 para pedir Memoria, Verdad y Justicia"},"content":{"rendered":"\n<p>En la ciudad de Santa Clara del Mar se llev\u00f3 adelante la marcha por el D\u00eda Nacional de la Memoria, la Verdad y la Justicia en un contexto cargado de profundo simbolismo, al cumplirse 50 a\u00f1os del inicio de la \u00faltima dictadura c\u00edvico militar. Cientos de marchiquitenses recorrieron las calles de la ciudad costera para gritar bien fuerte \u201cNunca M\u00e1s\u201d.<\/p>\n\n\n\n<p>Luego, en el Parque Municipal El Diego, se llev\u00f3 adelante el acto central que cont\u00f3 con la participaci\u00f3n del intendente municipal Walter Wischnivetzky, acompa\u00f1ado por el delegado Fabi\u00e1n Jacquet, la jefa distrital de Educaci\u00f3n, Ver\u00f3nica Serantes, y el secretario de Cultura y Educaci\u00f3n, Germ\u00e1n Montes. Tambi\u00e9n participaron autoridades locales, sindicatos, organizaciones sociales y pol\u00edticas, y centros de estudiantes, quienes se sumaron a una movilizaci\u00f3n que se consolid\u00f3 como un espacio de encuentro intergeneracional en torno a la memoria colectiva.<\/p>\n\n\n\n<p>Uno de los momentos centrales de la jornada fue la lectura del documento final, elaborado de forma conjunta por organismos de derechos humanos. El texto fue le\u00eddo por las docentes del partido de Mar Chiquita Ximena Gallo y Victoria Garibaldi, aunque tambi\u00e9n subieron al escenario otras voces representativas de la comunidad. Entre ellas, se destacaron miembros del Centro de Estudiantes de la escuela secundaria N\u00b0 7 de Mar Chiquita, la vecina de Santa Clara Alejandra Carranza, hermana de la poeta desaparecida Mabel Carranza, el historiador y docente Gustavo Vicini, y el colectivo de mujeres en lucha de Mar Chiquita.<\/p>\n\n\n\n<p>La diversidad de voces reflej\u00f3 el amplio arco de sectores que se hicieron presentes en la conmemoraci\u00f3n. Tambi\u00e9n formaron parte de la lectura la Asamblea Desobediente, una agrupaci\u00f3n conformada por hijas, hijos y familiares de personal de las fuerzas armadas y de seguridad responsables de cr\u00edmenes de lesa humanidad, as\u00ed como Guillermo C\u00e1ngaro y Sara Mabel Suzanne, quienes fueron secuestrados en 1976, posteriormente liberados, y que hoy est\u00e1n presentes como cada 24 de marzo levantando la bandera del Nunca M\u00e1s. Con esa fuerza simb\u00f3lica, la marcha en Santa Clara del Mar reafirm\u00f3 el compromiso de una sociedad que, cinco d\u00e9cadas despu\u00e9s, sigue exigiendo Memoria, Verdad y Justicia.<\/p>\n","protected":false},"excerpt":{"rendered":"<p>En la ciudad de Santa Clara del Mar se llev\u00f3 adelante la marcha por el D\u00eda Nacional de la Memoria, la Verdad y la Justicia<\/p>\n","protected":false},"author":2,"featured_media":20288,"comment_status":"open","ping_status":"open","sticky":false,"template":"","format":"standard","meta":[],"categories":[6],"tags":[],"views":34,"_links":{"self":[{"href":"https:\/\/02265.com.ar\/index.php\/wp-json\/wp\/v2\/posts\/20287"}],"collection":[{"href":"https:\/\/02265.com.ar\/index.php\/wp-json\/wp\/v2\/posts"}],"about":[{"href":"https:\/\/02265.com.ar\/index.php\/wp-json\/wp\/v2\/types\/post"}],"author":[{"embeddable":true,"href":"https:\/\/02265.com.ar\/index.php\/wp-json\/wp\/v2\/users\/2"}],"replies":[{"embeddable":true,"href":"https:\/\/02265.com.ar\/index.php\/wp-json\/wp\/v2\/comments?post=20287"}],"version-history":[{"count":1,"href":"https:\/\/02265.com.ar\/index.php\/wp-json\/wp\/v2\/posts\/20287\/revisions"}],"predecessor-version":[{"id":20289,"href":"https:\/\/02265.com.ar\/index.php\/wp-json\/wp\/v2\/posts\/20287\/revisions\/20289"}],"wp:featuredmedia":[{"embeddable":true,"href":"https:\/\/02265.com.ar\/index.php\/wp-json\/wp\/v2\/media\/20288"}],"wp:attachment":[{"href":"https:\/\/02265.com.ar\/index.php\/wp-json\/wp\/v2\/media?parent=20287"}],"wp:term":[{"taxonomy":"category","embeddable":true,"href":"https:\/\/02265.com.ar\/index.php\/wp-json\/wp\/v2\/categories?post=20287"},{"taxonomy":"post_tag","embeddable":true,"href":"https:\/\/02265.com.ar\/index.php\/wp-json\/wp\/v2\/tags?post=20287"}],"curies":[{"name":"wp","href":"https:\/\/api.w.org\/{rel}","templated":true}]}}