{"id":19533,"date":"2025-08-22T19:11:31","date_gmt":"2025-08-22T22:11:31","guid":{"rendered":"https:\/\/02265.com.ar\/?p=19533"},"modified":"2025-08-22T19:12:03","modified_gmt":"2025-08-22T22:12:03","slug":"mas-salud-publica-ampliacion-del-caps","status":"publish","type":"post","link":"https:\/\/02265.com.ar\/index.php\/2025\/08\/22\/mas-salud-publica-ampliacion-del-caps\/","title":{"rendered":"M\u00e1s salud p\u00fablica: ampliaci\u00f3n del CAPS de Santa Clara del Mar"},"content":{"rendered":"\n<p>En pos de seguir mejorando los servicios de salud p\u00fablica, se inaugur\u00f3 la primera etapa de ampliaci\u00f3n del Centro de Atenci\u00f3n Primaria de la Salud (CAPS) de Santa Clara del Mar. La obra, que busca fortalecer el sistema sanitario local, fue encabezada por el intendente Walter Wischnivetzky, el funcionario provincial Jorge Paredi y el subsecretario de Pol\u00edticas de Cuidados en Salud de la provincia de Buenos Aires, Jonatan Konfino.<\/p>\n\n\n\n<p>\u201cEs un d\u00eda de alegr\u00eda para la salud del Partido de Mar Chiquita, son muchas emociones. Para nosotros, como queda claro en hechos, la salud p\u00fablica gratuita y de calidad es prioridad\u201d, expres\u00f3 el jefe comunal durante la inauguraci\u00f3n. Y agreg\u00f3: \u201cEstamos tambi\u00e9n sobre una obra abandonada por el Estado nacional: la maternidad. Pero en un trabajo conjunto con la provincia de Buenos Aires y el gobernador Kicillof vamos a continuar y finalizar esta obra tan esperada por toda la comunidad marchiquitense\u201d.<\/p>\n\n\n\n<p>La ampliaci\u00f3n del CAPS incluye un nuevo sector de guardia dividido en pacientes adultos y pedi\u00e1tricos, con acceso y recepci\u00f3n independientes, sala de espera pedi\u00e1trica, dos consultorios para la atenci\u00f3n de ni\u00f1os y ni\u00f1as, sala de espera para adultos, dos consultorios para pacientes adultos, ba\u00f1o adaptado para personas con discapacidad y mayores circulaciones internas para mejorar el funcionamiento del espacio.<\/p>\n\n\n\n<p>De esta manera, la Municipalidad de Mar mChiquita busca garantizar un servicio de calidad en el sistema de salud p\u00fablico, que est\u00e9 al servicio y cuidado de los vecinos de la costa del distrito.<\/p>\n\n\n\n<p>Del acto participaron adem\u00e1s el director de Regi\u00f3n Sanitaria VIII, Santiago Gonzalez; el director del Hospital Interzonal General de Agudos \u201cOscar Alende\u201d, Mat\u00edas Tartara; el delegado de Santa Clara del Mar, Fabi\u00e1n Jacquet; el secretario de Salud municipal, Ludovico Gordon; el presidente del Honorable Concejo Deliberante, Carlos Minnucci; y los directores de los distintos centros de salud del distrito: Facundo Bozzoni (CAPS Santa Clara), Virginia Azqueta (Hospital Municipal) y Manuel Ar\u00e9valo (General Pir\u00e1n).<\/p>\n\n\n\n<p>Tambi\u00e9n estuvieron presentes el padre Juan Andr\u00e9s Rosso, p\u00e1rroco de la ciudad, trabajadores y trabajadoras de la salud, concejales, miembros del gabinete municipal y vecinos que acompa\u00f1aron la jornada.<\/p>\n\n\n\n<p>Con esta obra, la gesti\u00f3n municipal avanza en el fortalecimiento del sistema sanitario local, consolidando a la salud p\u00fablica como un derecho garantizado para todos los marchiquitenses.<\/p>\n","protected":false},"excerpt":{"rendered":"<p>En pos de seguir mejorando los servicios de salud p\u00fablica, se inaugur\u00f3 la primera etapa de ampliaci\u00f3n del Centro de Atenci\u00f3n Primaria de la Salud<\/p>\n","protected":false},"author":2,"featured_media":19534,"comment_status":"open","ping_status":"open","sticky":false,"template":"","format":"standard","meta":[],"categories":[6],"tags":[],"views":29,"_links":{"self":[{"href":"https:\/\/02265.com.ar\/index.php\/wp-json\/wp\/v2\/posts\/19533"}],"collection":[{"href":"https:\/\/02265.com.ar\/index.php\/wp-json\/wp\/v2\/posts"}],"about":[{"href":"https:\/\/02265.com.ar\/index.php\/wp-json\/wp\/v2\/types\/post"}],"author":[{"embeddable":true,"href":"https:\/\/02265.com.ar\/index.php\/wp-json\/wp\/v2\/users\/2"}],"replies":[{"embeddable":true,"href":"https:\/\/02265.com.ar\/index.php\/wp-json\/wp\/v2\/comments?post=19533"}],"version-history":[{"count":0,"href":"https:\/\/02265.com.ar\/index.php\/wp-json\/wp\/v2\/posts\/19533\/revisions"}],"wp:featuredmedia":[{"embeddable":true,"href":"https:\/\/02265.com.ar\/index.php\/wp-json\/wp\/v2\/media\/19534"}],"wp:attachment":[{"href":"https:\/\/02265.com.ar\/index.php\/wp-json\/wp\/v2\/media?parent=19533"}],"wp:term":[{"taxonomy":"category","embeddable":true,"href":"https:\/\/02265.com.ar\/index.php\/wp-json\/wp\/v2\/categories?post=19533"},{"taxonomy":"post_tag","embeddable":true,"href":"https:\/\/02265.com.ar\/index.php\/wp-json\/wp\/v2\/tags?post=19533"}],"curies":[{"name":"wp","href":"https:\/\/api.w.org\/{rel}","templated":true}]}}