{"id":19222,"date":"2025-06-10T19:37:47","date_gmt":"2025-06-10T22:37:47","guid":{"rendered":"https:\/\/02265.com.ar\/?p=19222"},"modified":"2025-06-10T19:37:53","modified_gmt":"2025-06-10T22:37:53","slug":"mar-chiquita-se-movilizo-por-la-condena-de-cfk","status":"publish","type":"post","link":"https:\/\/02265.com.ar\/index.php\/2025\/06\/10\/mar-chiquita-se-movilizo-por-la-condena-de-cfk\/","title":{"rendered":"Mar Chiquita se moviliz\u00f3 por la condena de CFK"},"content":{"rendered":"\n<p>El Partido Justicialista de Mar Chiquita, vecinos y movimientos se reunieron en la Rotonda del Viejo Contrabandista de Santa Clara del Mar luego de la confirmaci\u00f3n de la condena a la expresidenta Cristina Fern\u00e1ndez de Kirchner.<\/p>\n\n\n\n<p>La movilizaci\u00f3n estuvo encabezada por Walter Wischnivetzky, Carlos Minnucci (presidente del PJ) y Fabi\u00e1n Jacquet. Wini asegur\u00f3: \u201cMar Chiquita abraza a Cristina. Este es un cap\u00edtulo m\u00e1s en Argentina de la persecuci\u00f3n contra el movimiento popular. Hoy son golpes medi\u00e1ticos y judiciales, en alg\u00fan momento fueron persecuciones\u201d.<\/p>\n\n\n\n<p>Y agreg\u00f3: \u201cEstamos acostumbrados, el movimiento social que defiende la justicia social siempre fue perseguido. Toca reorganizarnos pol\u00edticamente. Esta causa inici\u00f3 por el cronograma pol\u00edtico pero el peronismo no se rinde, vamos a seguir creciendo y sacar a estos vende patria del gobierno\u201d.<\/p>\n","protected":false},"excerpt":{"rendered":"<p>El Partido Justicialista de Mar Chiquita, vecinos y movimientos se reunieron en la Rotonda del Viejo Contrabandista de Santa Clara del Mar luego de la<\/p>\n","protected":false},"author":2,"featured_media":19223,"comment_status":"open","ping_status":"open","sticky":false,"template":"","format":"standard","meta":[],"categories":[2],"tags":[],"views":424,"_links":{"self":[{"href":"https:\/\/02265.com.ar\/index.php\/wp-json\/wp\/v2\/posts\/19222"}],"collection":[{"href":"https:\/\/02265.com.ar\/index.php\/wp-json\/wp\/v2\/posts"}],"about":[{"href":"https:\/\/02265.com.ar\/index.php\/wp-json\/wp\/v2\/types\/post"}],"author":[{"embeddable":true,"href":"https:\/\/02265.com.ar\/index.php\/wp-json\/wp\/v2\/users\/2"}],"replies":[{"embeddable":true,"href":"https:\/\/02265.com.ar\/index.php\/wp-json\/wp\/v2\/comments?post=19222"}],"version-history":[{"count":0,"href":"https:\/\/02265.com.ar\/index.php\/wp-json\/wp\/v2\/posts\/19222\/revisions"}],"wp:featuredmedia":[{"embeddable":true,"href":"https:\/\/02265.com.ar\/index.php\/wp-json\/wp\/v2\/media\/19223"}],"wp:attachment":[{"href":"https:\/\/02265.com.ar\/index.php\/wp-json\/wp\/v2\/media?parent=19222"}],"wp:term":[{"taxonomy":"category","embeddable":true,"href":"https:\/\/02265.com.ar\/index.php\/wp-json\/wp\/v2\/categories?post=19222"},{"taxonomy":"post_tag","embeddable":true,"href":"https:\/\/02265.com.ar\/index.php\/wp-json\/wp\/v2\/tags?post=19222"}],"curies":[{"name":"wp","href":"https:\/\/api.w.org\/{rel}","templated":true}]}}