{"id":18622,"date":"2025-02-04T11:58:18","date_gmt":"2025-02-04T14:58:18","guid":{"rendered":"https:\/\/02265.com.ar\/?p=18622"},"modified":"2025-02-04T11:58:31","modified_gmt":"2025-02-04T14:58:31","slug":"valentino-merlo-kapanga-mario-luis-y-jovenes-pordioseros-gratis","status":"publish","type":"post","link":"https:\/\/02265.com.ar\/index.php\/2025\/02\/04\/valentino-merlo-kapanga-mario-luis-y-jovenes-pordioseros-gratis\/","title":{"rendered":"Valentino Merlo, Kapanga, Mario Luis y J\u00f3venes Pordioseros, gratis en la Fiesta de la Cerveza Artesanal\u00a0"},"content":{"rendered":"\n<p>Llega la Fiesta Nacional de la Cerveza Artesanal a Santa Clara del Mar. Con entrada libre y gratuita, se vivir\u00e1n 7 d\u00edas a pura fiesta con las presentaciones destacadas de: Valentino Merlo, Mario Luis, J\u00f3venes Pordioseros, Kapanga, entre otros artistas.<\/p>\n\n\n\n<p>Del lunes 17 al domingo 23 de febrero, se llevar\u00e1 adelante la 23\u00b0 edici\u00f3n de la Fiesta de la Cerveza Artesanal en la Rotonda del Viejo Contrabandista de la ciudad balnearia. Seg\u00fan confirmaron desde la Municipalidad de Mar Chiquita, a trav\u00e9s del intendente interino, Fabi\u00e1n Jacquet, el jueves 20, en el marco del aniversario de Santa Clara del Mar, se presentar\u00e1 Valentino Merlo.<\/p>\n\n\n\n<p>En tanto, el viernes 21 llegar\u00e1 Mario Luis para hacer bailar al p\u00fablico con su cumbia. El s\u00e1bado 22, la banda J\u00f3venes Pordioseros subir\u00e1 al escenario \u00abJuancho Orensanz\u00bb y para cerrar la celebraci\u00f3n, se presentar\u00e1 Kapanga el domingo 23. Tambi\u00e9n habr\u00e1 presentaciones de artistas locales y regionales.<\/p>\n\n\n\n<p>De esta manera, con entrada libre y gratuita se vivir\u00e1 la Fiesta Nacional de la Cerveza \u00a0Artesanal. Adem\u00e1s del escenario, habr\u00e1 patio cervecero, paseo gastron\u00f3mico, entretenimiento, artesanos, emprendedores y muchas propuestas m\u00e1s.<\/p>\n\n\n\n<figure class=\"wp-block-image size-large\"><a href=\"https:\/\/02265.com.ar\/wp-content\/uploads\/2025\/02\/cerveza-2025.jpg\"><img decoding=\"async\" loading=\"lazy\" width=\"1024\" height=\"518\" src=\"https:\/\/02265.com.ar\/wp-content\/uploads\/2025\/02\/cerveza-2025-1024x518.jpg\" alt=\"\" class=\"wp-image-18624\" srcset=\"https:\/\/02265.com.ar\/wp-content\/uploads\/2025\/02\/cerveza-2025-1024x518.jpg 1024w, https:\/\/02265.com.ar\/wp-content\/uploads\/2025\/02\/cerveza-2025-300x152.jpg 300w, https:\/\/02265.com.ar\/wp-content\/uploads\/2025\/02\/cerveza-2025-768x388.jpg 768w, https:\/\/02265.com.ar\/wp-content\/uploads\/2025\/02\/cerveza-2025-1536x776.jpg 1536w, https:\/\/02265.com.ar\/wp-content\/uploads\/2025\/02\/cerveza-2025-1170x591.jpg 1170w, https:\/\/02265.com.ar\/wp-content\/uploads\/2025\/02\/cerveza-2025.jpg 1662w\" sizes=\"(max-width: 1024px) 100vw, 1024px\" \/><\/a><\/figure>\n","protected":false},"excerpt":{"rendered":"<p>Llega la Fiesta Nacional de la Cerveza Artesanal a Santa Clara del Mar. Con entrada libre y gratuita, se vivir\u00e1n 7 d\u00edas a pura fiesta<\/p>\n","protected":false},"author":2,"featured_media":18623,"comment_status":"open","ping_status":"open","sticky":false,"template":"","format":"standard","meta":[],"categories":[6],"tags":[],"views":2533,"_links":{"self":[{"href":"https:\/\/02265.com.ar\/index.php\/wp-json\/wp\/v2\/posts\/18622"}],"collection":[{"href":"https:\/\/02265.com.ar\/index.php\/wp-json\/wp\/v2\/posts"}],"about":[{"href":"https:\/\/02265.com.ar\/index.php\/wp-json\/wp\/v2\/types\/post"}],"author":[{"embeddable":true,"href":"https:\/\/02265.com.ar\/index.php\/wp-json\/wp\/v2\/users\/2"}],"replies":[{"embeddable":true,"href":"https:\/\/02265.com.ar\/index.php\/wp-json\/wp\/v2\/comments?post=18622"}],"version-history":[{"count":0,"href":"https:\/\/02265.com.ar\/index.php\/wp-json\/wp\/v2\/posts\/18622\/revisions"}],"wp:featuredmedia":[{"embeddable":true,"href":"https:\/\/02265.com.ar\/index.php\/wp-json\/wp\/v2\/media\/18623"}],"wp:attachment":[{"href":"https:\/\/02265.com.ar\/index.php\/wp-json\/wp\/v2\/media?parent=18622"}],"wp:term":[{"taxonomy":"category","embeddable":true,"href":"https:\/\/02265.com.ar\/index.php\/wp-json\/wp\/v2\/categories?post=18622"},{"taxonomy":"post_tag","embeddable":true,"href":"https:\/\/02265.com.ar\/index.php\/wp-json\/wp\/v2\/tags?post=18622"}],"curies":[{"name":"wp","href":"https:\/\/api.w.org\/{rel}","templated":true}]}}