{"id":18315,"date":"2024-11-11T18:33:12","date_gmt":"2024-11-11T21:33:12","guid":{"rendered":"https:\/\/02265.com.ar\/?p=18315"},"modified":"2024-11-11T18:33:14","modified_gmt":"2024-11-11T21:33:14","slug":"miles-de-personas-disfrutaron-de-la-fiesta-del-cordero-costero","status":"publish","type":"post","link":"https:\/\/02265.com.ar\/index.php\/2024\/11\/11\/miles-de-personas-disfrutaron-de-la-fiesta-del-cordero-costero\/","title":{"rendered":"Miles de personas disfrutaron de la Fiesta del Cordero Costero"},"content":{"rendered":"\n<p>Un \u00e9xito total. La 17ma edici\u00f3n de la Fiesta Provincial del Cordero Costero en Mar de Cobo fue disfrutada por miles de personas durante tres d\u00edas, con los cl\u00e1sicos asadores, los espect\u00e1culos gratuitos y la tradici\u00f3n a flor de piel. Desde Arbolito hasta Yamila Cafrune, pasando por una variada grilla de artistas locales y cientos de corderos al fuego como atracci\u00f3n gastron\u00f3mica principal; una fiesta popular que crece.<\/p>\n\n\n\n<p>\u00abEstamos felices. El tiempo acompa\u00f1\u00f3 y una multitud vivi\u00f3 la fiesta popular de la comunidad de la localidad. Todos comprometidos para que residentes y turistas hayan disfrutado en familia con los exquisitos corderos y los shows gratuitos. La identidad marchiquitense qued\u00f3 plasmada de la mejor manera\u00bb, afirm\u00f3 el intendente Walter Wischnivetzky, quien encabez\u00f3 el desfile tradicionalista el domingo pasado.<\/p>\n\n\n\n<p>La \u00faltima jornada de la celebraci\u00f3n, que coincidi\u00f3 con el D\u00eda de la Tradici\u00f3n, fue bien de costumbre argentina. Desde temprano, vecinos y visitantes apreciaron un desfile tradicionalista con la participaci\u00f3n de instituciones y fuerzas vivas locales. Color en la plaza y calor en la avenida principal con los corderos al asador. A las actuaciones destacadas de Arbolito (viernes) y Hugo Lobo (s\u00e1bado), se sum\u00f3 el cierre sobre el escenario a cargo de Yamila Cafrune.<\/p>\n\n\n\n<p>Las agrupaciones y cantantes al ritmo del folklore, con el corolario de Cafrune, ti\u00f1eron de celeste y blanco la jornada. A la par, el corredor gastron\u00f3mico sobre la Av. Manuel Cobo fue un \u00e9xito total con miles de personas degustando las propuestas a base de cordero: al asador, al disco, en \u00abtaco\u00bb, desmechado en sandwich o hamburguesa.<\/p>\n\n\n\n<p>El jefe comunal, el delegado municipal Edgardo Veble y el secretario de Cultura Germ\u00e1n Montes encabezaron un maravilloso desfile que represent\u00f3 el esp\u00edritu comunitario de la Costa Norte. \u00abDesde Mar Chiquita tomamos la decisi\u00f3n de impulsar once fiestas populares p\u00fablicas y gratuitas. Que todos participen y que todos trabajen, generando movimiento econ\u00f3mico todo el a\u00f1o, es la clave\u00bb, manifest\u00f3 el intendente.<\/p>\n","protected":false},"excerpt":{"rendered":"<p>Un \u00e9xito total. La 17ma edici\u00f3n de la Fiesta Provincial del Cordero Costero en Mar de Cobo fue disfrutada por miles de personas durante tres<\/p>\n","protected":false},"author":31,"featured_media":18316,"comment_status":"open","ping_status":"open","sticky":false,"template":"","format":"standard","meta":[],"categories":[6],"tags":[],"views":47,"_links":{"self":[{"href":"https:\/\/02265.com.ar\/index.php\/wp-json\/wp\/v2\/posts\/18315"}],"collection":[{"href":"https:\/\/02265.com.ar\/index.php\/wp-json\/wp\/v2\/posts"}],"about":[{"href":"https:\/\/02265.com.ar\/index.php\/wp-json\/wp\/v2\/types\/post"}],"author":[{"embeddable":true,"href":"https:\/\/02265.com.ar\/index.php\/wp-json\/wp\/v2\/users\/31"}],"replies":[{"embeddable":true,"href":"https:\/\/02265.com.ar\/index.php\/wp-json\/wp\/v2\/comments?post=18315"}],"version-history":[{"count":0,"href":"https:\/\/02265.com.ar\/index.php\/wp-json\/wp\/v2\/posts\/18315\/revisions"}],"wp:featuredmedia":[{"embeddable":true,"href":"https:\/\/02265.com.ar\/index.php\/wp-json\/wp\/v2\/media\/18316"}],"wp:attachment":[{"href":"https:\/\/02265.com.ar\/index.php\/wp-json\/wp\/v2\/media?parent=18315"}],"wp:term":[{"taxonomy":"category","embeddable":true,"href":"https:\/\/02265.com.ar\/index.php\/wp-json\/wp\/v2\/categories?post=18315"},{"taxonomy":"post_tag","embeddable":true,"href":"https:\/\/02265.com.ar\/index.php\/wp-json\/wp\/v2\/tags?post=18315"}],"curies":[{"name":"wp","href":"https:\/\/api.w.org\/{rel}","templated":true}]}}