{"id":11344,"date":"2022-07-05T13:53:02","date_gmt":"2022-07-05T16:53:02","guid":{"rendered":"http:\/\/02265.com.ar\/?p=11344"},"modified":"2022-07-05T13:53:18","modified_gmt":"2022-07-05T16:53:18","slug":"avanza-la-obra-de-la-sala-de-laboratorio","status":"publish","type":"post","link":"https:\/\/02265.com.ar\/index.php\/2022\/07\/05\/avanza-la-obra-de-la-sala-de-laboratorio\/","title":{"rendered":"Avanza la obra de la Sala de Laboratorio en el CAPS de Santa Clara del Mar"},"content":{"rendered":"\n<p>Con vistas a ser inaugurada en agosto, avanza la obra de la Sala de Laboratorio en el Centro de Atenci\u00f3n Primaria de Salud de Santa Clara del Mar. El intendente Jorge Paredi, la directora del CAPS Andrea Lezcano y el delegado municipal Antonio Contardo recorrieron lo que ser\u00e1 el nuevo servicio para la comunidad. \u00abEstamos ampliando las prestaciones para los vecinos y vecinas de la costa. Gracias al apoyo del Ministerio de Salud a cargo de Nicol\u00e1s Kreplak en agosto vamos a inaugurar el laboratorio propio del CAPS\u00bb, cont\u00f3 el jefe comunal.<\/p>\n\n\n\n<p>Paredi, Lezcano y Contardo supervisaron los trabajos en la unidad sanitaria que en el pr\u00f3ximo tiempo contar\u00e1 con una flamante Sala de Laboratorio. En la actualidad, las extracciones a las y los pacientes son enviadas al Hospital Municipal Eustaquio Aristizabal en Coronel Vidal. \u00abDe esta manera, se procesar\u00e1n las muestras ac\u00e1 en Santa Clara del Mar. As\u00ed el cuerpo m\u00e9dico llevar\u00e1 adelante los correspondientes controles a los vecinos y vecinas costeras gracias a los resultados procesados ac\u00e1 para diagn\u00f3sticos m\u00e1s r\u00e1pidos\u00bb, afirm\u00f3 el intendente.<\/p>\n\n\n\n<p>En este sentido, Paredi ponder\u00f3 \u00abel apoyo del gobernador Axel Kicillof a trav\u00e9s del Ministerio de Salud por intermedio del SAMO para continuar el fortalecimiento del sistema p\u00fablico de salud marchiquitense\u201d.<\/p>\n","protected":false},"excerpt":{"rendered":"<p>Con vistas a ser inaugurada en agosto, avanza la obra de la Sala de Laboratorio en el Centro de Atenci\u00f3n Primaria de Salud de Santa<\/p>\n","protected":false},"author":31,"featured_media":11345,"comment_status":"open","ping_status":"open","sticky":false,"template":"","format":"standard","meta":{"footnotes":""},"categories":[6],"tags":[],"class_list":["post-11344","post","type-post","status-publish","format-standard","has-post-thumbnail","hentry","category-sociedad"],"views":37,"_links":{"self":[{"href":"https:\/\/02265.com.ar\/index.php\/wp-json\/wp\/v2\/posts\/11344","targetHints":{"allow":["GET"]}}],"collection":[{"href":"https:\/\/02265.com.ar\/index.php\/wp-json\/wp\/v2\/posts"}],"about":[{"href":"https:\/\/02265.com.ar\/index.php\/wp-json\/wp\/v2\/types\/post"}],"author":[{"embeddable":true,"href":"https:\/\/02265.com.ar\/index.php\/wp-json\/wp\/v2\/users\/31"}],"replies":[{"embeddable":true,"href":"https:\/\/02265.com.ar\/index.php\/wp-json\/wp\/v2\/comments?post=11344"}],"version-history":[{"count":0,"href":"https:\/\/02265.com.ar\/index.php\/wp-json\/wp\/v2\/posts\/11344\/revisions"}],"wp:featuredmedia":[{"embeddable":true,"href":"https:\/\/02265.com.ar\/index.php\/wp-json\/wp\/v2\/media\/11345"}],"wp:attachment":[{"href":"https:\/\/02265.com.ar\/index.php\/wp-json\/wp\/v2\/media?parent=11344"}],"wp:term":[{"taxonomy":"category","embeddable":true,"href":"https:\/\/02265.com.ar\/index.php\/wp-json\/wp\/v2\/categories?post=11344"},{"taxonomy":"post_tag","embeddable":true,"href":"https:\/\/02265.com.ar\/index.php\/wp-json\/wp\/v2\/tags?post=11344"}],"curies":[{"name":"wp","href":"https:\/\/api.w.org\/{rel}","templated":true}]}}