{"id":10437,"date":"2021-09-19T12:10:13","date_gmt":"2021-09-19T15:10:13","guid":{"rendered":"http:\/\/02265.com.ar\/?p=10437"},"modified":"2021-09-19T12:10:29","modified_gmt":"2021-09-19T15:10:29","slug":"incendio-barrio-federal","status":"publish","type":"post","link":"https:\/\/02265.com.ar\/index.php\/2021\/09\/19\/incendio-barrio-federal\/","title":{"rendered":"Un incendio de magnitud destruy\u00f3 una vivienda del barrio Plan Federal 1 en Coronel Vidal"},"content":{"rendered":"\n<p>El hecho se produjo en horas de la madrugada en la intersecci\u00f3n de Hegoburu y Sestelo de la localidad cabecera de Mar Chiquita. All\u00ed un transe\u00fante que circulaba por la zona advirti\u00f3 la presencia del foco \u00edgneo, por lo que dio aviso inmediato al cuartel de bomberos. Al lugar asistieron tres dotaciones y se retir\u00f3 del interior a un joven de 26 a\u00f1os de edad, quien fue trasladado al Hospital Municipal para examinarlo.<\/p>\n\n\n\n<p>Las llamas consumieron la totalidad de la vivienda, y los bomberos, luego de sofocar el incendio, estuvieron alrededor de 2 horas m\u00e1s realizando acondicionamiento en el lugar.<\/p>\n\n\n\n<p>Las causas del siniestro no fueron establecidas, por lo que se indicaron actuaciones a trav\u00e9s de la Fiscal\u00eda Descentralizada, a cargo del Dr. Benedetti.<\/p>\n","protected":false},"excerpt":{"rendered":"<p>El hecho se produjo en horas de la madrugada en la intersecci\u00f3n de Hegoburu y Sestelo de la localidad cabecera de Mar Chiquita. All\u00ed un<\/p>\n","protected":false},"author":2,"featured_media":10438,"comment_status":"open","ping_status":"open","sticky":false,"template":"","format":"standard","meta":[],"categories":[6],"tags":[],"views":1197,"_links":{"self":[{"href":"https:\/\/02265.com.ar\/index.php\/wp-json\/wp\/v2\/posts\/10437"}],"collection":[{"href":"https:\/\/02265.com.ar\/index.php\/wp-json\/wp\/v2\/posts"}],"about":[{"href":"https:\/\/02265.com.ar\/index.php\/wp-json\/wp\/v2\/types\/post"}],"author":[{"embeddable":true,"href":"https:\/\/02265.com.ar\/index.php\/wp-json\/wp\/v2\/users\/2"}],"replies":[{"embeddable":true,"href":"https:\/\/02265.com.ar\/index.php\/wp-json\/wp\/v2\/comments?post=10437"}],"version-history":[{"count":0,"href":"https:\/\/02265.com.ar\/index.php\/wp-json\/wp\/v2\/posts\/10437\/revisions"}],"wp:featuredmedia":[{"embeddable":true,"href":"https:\/\/02265.com.ar\/index.php\/wp-json\/wp\/v2\/media\/10438"}],"wp:attachment":[{"href":"https:\/\/02265.com.ar\/index.php\/wp-json\/wp\/v2\/media?parent=10437"}],"wp:term":[{"taxonomy":"category","embeddable":true,"href":"https:\/\/02265.com.ar\/index.php\/wp-json\/wp\/v2\/categories?post=10437"},{"taxonomy":"post_tag","embeddable":true,"href":"https:\/\/02265.com.ar\/index.php\/wp-json\/wp\/v2\/tags?post=10437"}],"curies":[{"name":"wp","href":"https:\/\/api.w.org\/{rel}","templated":true}]}}