{"id":10433,"date":"2021-09-16T20:05:15","date_gmt":"2021-09-16T23:05:15","guid":{"rendered":"http:\/\/02265.com.ar\/?p=10433"},"modified":"2021-09-16T20:05:29","modified_gmt":"2021-09-16T23:05:29","slug":"caso-tomi-menor-inimputable","status":"publish","type":"post","link":"https:\/\/02265.com.ar\/index.php\/2021\/09\/16\/caso-tomi-menor-inimputable\/","title":{"rendered":"CASO TOMI BERESIARTE: El menor es inimputable para la ley, pero, con pruebas en mano, para el fiscal es co-autor del homicidio"},"content":{"rendered":"\n<p>El fiscal de menores, Dr. Marcelo Y\u00e1\u00f1ez Urrutia, mantuvo un dialogo extenso con 02265 en torno a la causa que sigue la investigaci\u00f3n por el homicidio del joven Tomas Beresiarte. El letrado confirm\u00f3 a este medio que el menor de 14 a\u00f1os es inimputable para ley y por ello no podr\u00e1 ser enjuiciado y condenado. De todos modos, se solicit\u00f3 que contin\u00fae privado de su libertad al menos 15 d\u00edas m\u00e1s, que es el l\u00edmite en que se lo puede retener. \u201cPara m\u00ed la causa con este menor est\u00e1 cerrada, es coautor del homicidio de Beresiarte, tengo las pruebas en mano y todo, pero la ley marca que no se lo puede llevar a juicio, ni condenar\u201d sostuvo.<\/p>\n\n\n\n<p>Este jueves se llev\u00f3 adelante una audiencia con presencia del fuero de menores y la defensa del imputado, en la que Y\u00e1\u00f1ez Urrutia solicit\u00f3 la continuidad de la privaci\u00f3n de la libertad. Con los argumentos en mano, el fiscal explic\u00f3 al abogado defensor la situaci\u00f3n, en la que primero se negaba rotundamente, y que luego entendi\u00f3. Por parte del municipio, estuvo presente el Dr. Leonardo I\u00f1igo, del sector de promoci\u00f3n de menores.<\/p>\n\n\n\n<p><strong>Lo cierto es que, dentro de 15 d\u00edas, el menor de 14 a\u00f1os recuperar\u00e1 la libertad.<\/strong> Aunque, a solicitud de la justicia, no volver\u00e1 a la localidad de Coronel Vidal, sino que se est\u00e1 trabajando, entre esa entidad, el estado y la propia familia del homicida, en buscar una locaci\u00f3n de contenci\u00f3n, que ser\u00e1 evaluada socialmente para ver si es viable.<\/p>\n\n\n\n<p>En el mismo orden, consultado sobre que pasar\u00e1 cuando el homicida cumpla la edad en la que si puede ser enjuiciado, el fiscal remarc\u00f3 que \u201clas causas se juzgan en el momento de los hechos, no se puede, de acuerdo a la ley, esperar a que tenga la edad y llevarlo a juicio\u201d, y agreg\u00f3 que \u201cno quedan antecedentes registrados por este caso\u201d<\/p>\n\n\n\n<p>LEY 2278:<\/p>\n\n\n\n<p>P\u00e1rrafo aparte, es necesario hablar sobre la ley que le permite al homicida recuperar su libertad.<\/p>\n\n\n\n<p>La ley data el a\u00f1o 1972. El articulo N\u00b01 indica que: <em>No es punible el menor que no haya cumplido diecis\u00e9is a\u00f1os de edad. Tampoco lo es el que no haya cumplido dieciocho a\u00f1os, respecto de delitos de acci\u00f3n privada o reprimidos con pena privativa de la libertad que no exceda de dos a\u00f1os, con multa o con inhabilitaci\u00f3n.<\/em><\/p>\n\n\n\n<p>Sobre esto, el fiscal dijo \u201ces una ley que est\u00e1 sancionada en el a\u00f1o 1972, cuando el hecho de que haya un menor en un pub, tomando y con un arma en la mano era casi imposible\u201d<\/p>\n","protected":false},"excerpt":{"rendered":"<p>El fiscal de menores, Dr. Marcelo Y\u00e1\u00f1ez Urrutia, mantuvo un dialogo extenso con 02265 en torno a la causa que sigue la investigaci\u00f3n por el<\/p>\n","protected":false},"author":2,"featured_media":10434,"comment_status":"open","ping_status":"open","sticky":false,"template":"","format":"standard","meta":[],"categories":[6],"tags":[],"views":2409,"_links":{"self":[{"href":"https:\/\/02265.com.ar\/index.php\/wp-json\/wp\/v2\/posts\/10433"}],"collection":[{"href":"https:\/\/02265.com.ar\/index.php\/wp-json\/wp\/v2\/posts"}],"about":[{"href":"https:\/\/02265.com.ar\/index.php\/wp-json\/wp\/v2\/types\/post"}],"author":[{"embeddable":true,"href":"https:\/\/02265.com.ar\/index.php\/wp-json\/wp\/v2\/users\/2"}],"replies":[{"embeddable":true,"href":"https:\/\/02265.com.ar\/index.php\/wp-json\/wp\/v2\/comments?post=10433"}],"version-history":[{"count":0,"href":"https:\/\/02265.com.ar\/index.php\/wp-json\/wp\/v2\/posts\/10433\/revisions"}],"wp:featuredmedia":[{"embeddable":true,"href":"https:\/\/02265.com.ar\/index.php\/wp-json\/wp\/v2\/media\/10434"}],"wp:attachment":[{"href":"https:\/\/02265.com.ar\/index.php\/wp-json\/wp\/v2\/media?parent=10433"}],"wp:term":[{"taxonomy":"category","embeddable":true,"href":"https:\/\/02265.com.ar\/index.php\/wp-json\/wp\/v2\/categories?post=10433"},{"taxonomy":"post_tag","embeddable":true,"href":"https:\/\/02265.com.ar\/index.php\/wp-json\/wp\/v2\/tags?post=10433"}],"curies":[{"name":"wp","href":"https:\/\/api.w.org\/{rel}","templated":true}]}}