{"id":2787,"date":"2018-10-04T05:33:25","date_gmt":"2018-10-04T05:33:25","guid":{"rendered":"http:\/\/02265.com.ar\/?p=2787"},"modified":"2018-10-04T05:33:25","modified_gmt":"2018-10-04T05:33:25","slug":"very-dificult","status":"publish","type":"post","link":"http:\/\/02265.com.ar\/index.php\/2018\/10\/04\/very-dificult\/","title":{"rendered":"Very Dificult: La ex directora de Gesti\u00f3n Ambiental, critic\u00f3 en Espanglish, la asignaci\u00f3n de UTF en las playas marchiquitenses"},"content":{"rendered":"<p>Mar\u00eda Jimena Ahumada, que se desempe\u00f1\u00f3 como Directora en Gesti\u00f3n Ambiental en Mar chiquita, en la primera etapa del gobierno de Cambiemos, sali\u00f3 al cruce de la gesti\u00f3n a la que perteneci\u00f3, con un particular posteo en las redes, donde critica la asignaci\u00f3n de UTF (Unidad Tur\u00edstica Fiscal) en las playas, argumentando que no se respeta el medio ambiente y baj\u00f3 a media asta la bandera de \u201cMar Chiquita sustentable\u201d.<\/p>\n<p>Con un ironico \u201cWelcome everybody to Mar Chiquita Sustentable\u201d, Ahumada hizo notar su enojo por el corte de un medano, donde se colocar\u00e1 una de las UTF de cara a la temporada estival, y record\u00f3 que el sector est\u00e1 nombrado como Reserva de Biosfera, y que adem\u00e1s hay una reglamentaci\u00f3n provincial que dice que \u201clas UTF debe respetar la topograf\u00eda de los m\u00e9danos\u201d<\/p>\n","protected":false},"excerpt":{"rendered":"<p>Mar\u00eda Jimena Ahumada, que se desempe\u00f1\u00f3 como Directora en Gesti\u00f3n Ambiental en Mar chiquita, en la primera etapa del gobierno de Cambiemos, sali\u00f3 al cruce<\/p>\n","protected":false},"author":2,"featured_media":2788,"comment_status":"open","ping_status":"open","sticky":false,"template":"","format":"standard","meta":[],"categories":[2,6],"tags":[],"views":654,"_links":{"self":[{"href":"http:\/\/02265.com.ar\/index.php\/wp-json\/wp\/v2\/posts\/2787"}],"collection":[{"href":"http:\/\/02265.com.ar\/index.php\/wp-json\/wp\/v2\/posts"}],"about":[{"href":"http:\/\/02265.com.ar\/index.php\/wp-json\/wp\/v2\/types\/post"}],"author":[{"embeddable":true,"href":"http:\/\/02265.com.ar\/index.php\/wp-json\/wp\/v2\/users\/2"}],"replies":[{"embeddable":true,"href":"http:\/\/02265.com.ar\/index.php\/wp-json\/wp\/v2\/comments?post=2787"}],"version-history":[{"count":0,"href":"http:\/\/02265.com.ar\/index.php\/wp-json\/wp\/v2\/posts\/2787\/revisions"}],"wp:featuredmedia":[{"embeddable":true,"href":"http:\/\/02265.com.ar\/index.php\/wp-json\/wp\/v2\/media\/2788"}],"wp:attachment":[{"href":"http:\/\/02265.com.ar\/index.php\/wp-json\/wp\/v2\/media?parent=2787"}],"wp:term":[{"taxonomy":"category","embeddable":true,"href":"http:\/\/02265.com.ar\/index.php\/wp-json\/wp\/v2\/categories?post=2787"},{"taxonomy":"post_tag","embeddable":true,"href":"http:\/\/02265.com.ar\/index.php\/wp-json\/wp\/v2\/tags?post=2787"}],"curies":[{"name":"wp","href":"https:\/\/api.w.org\/{rel}","templated":true}]}}