{"id":18744,"date":"2025-03-04T18:41:32","date_gmt":"2025-03-04T21:41:32","guid":{"rendered":"https:\/\/02265.com.ar\/?p=18744"},"modified":"2025-03-04T18:41:33","modified_gmt":"2025-03-04T21:41:33","slug":"se-viene-la-noche-joven-en-coronel-vidal","status":"publish","type":"post","link":"http:\/\/02265.com.ar\/index.php\/2025\/03\/04\/se-viene-la-noche-joven-en-coronel-vidal\/","title":{"rendered":"Se viene la Noche Joven en Coronel Vidal"},"content":{"rendered":"\n<p>En el marco de la 47 edici\u00f3n de la Fiesta Nacional del Potrillo, vuelve la Noche Joven a trav\u00e9s de la Municipalidad de Mar Chiquita. Ser\u00e1 el lunes 10 de marzo y contar\u00e1 con la actuaci\u00f3n destacada de 18 Kilates, bandas locales, murgas, comparsas y reconocimientos deportivos y culturales.<\/p>\n\n\n\n<p>Con entrada libre y gratuita, a partir de las 17:30 hs el lunes 10 se llevar\u00e1 adelante la Noche Joven en el Predio V\u00edctor Abel Gim\u00e9nez de Coronel Vidal. Habr\u00e1 presentaciones en vivo de artistas locales, carnaval, reconocimientos a personalidades destacadas a trav\u00e9s de las Secretar\u00edas de Cultura y de Deportes y la gran noche finalizar\u00e1 con la actuaci\u00f3n de 18 Kilates, la reconocida banda de cumbia.<\/p>\n\n\n\n<p>A partir del jueves 6, Coronel Vidal vivir\u00e1 la Fiesta Nacional del Potrillo. El jueves 6 se presentar\u00e1 N\u00e9stor En Bloque, el viernes 7 Adri\u00e1n Maggi y Carlos Ram\u00f3n Fern\u00e1ndez y el s\u00e1bado 8, El Indio Rojas. Habr\u00e1 espect\u00e1culos en vivo, m\u00fasica, baile, los tradicionales quinchos, emprendedores, artesanos, entretenimiento, jineteada y muchas propuestas para toda la familia.<\/p>\n\n\n\n<p>Adem\u00e1s, el domingo 9 a partir de las 11 hs se llevar\u00e1 adelante el Desfile Tradicionalista sobre la Avenida Avellaneda.&nbsp;<\/p>\n","protected":false},"excerpt":{"rendered":"<p>En el marco de la 47 edici\u00f3n de la Fiesta Nacional del Potrillo, vuelve la Noche Joven a trav\u00e9s de la Municipalidad de Mar Chiquita.<\/p>\n","protected":false},"author":31,"featured_media":18745,"comment_status":"open","ping_status":"open","sticky":false,"template":"","format":"standard","meta":{"footnotes":""},"categories":[6],"tags":[],"class_list":["post-18744","post","type-post","status-publish","format-standard","has-post-thumbnail","hentry","category-sociedad"],"views":423,"_links":{"self":[{"href":"http:\/\/02265.com.ar\/index.php\/wp-json\/wp\/v2\/posts\/18744","targetHints":{"allow":["GET"]}}],"collection":[{"href":"http:\/\/02265.com.ar\/index.php\/wp-json\/wp\/v2\/posts"}],"about":[{"href":"http:\/\/02265.com.ar\/index.php\/wp-json\/wp\/v2\/types\/post"}],"author":[{"embeddable":true,"href":"http:\/\/02265.com.ar\/index.php\/wp-json\/wp\/v2\/users\/31"}],"replies":[{"embeddable":true,"href":"http:\/\/02265.com.ar\/index.php\/wp-json\/wp\/v2\/comments?post=18744"}],"version-history":[{"count":0,"href":"http:\/\/02265.com.ar\/index.php\/wp-json\/wp\/v2\/posts\/18744\/revisions"}],"wp:featuredmedia":[{"embeddable":true,"href":"http:\/\/02265.com.ar\/index.php\/wp-json\/wp\/v2\/media\/18745"}],"wp:attachment":[{"href":"http:\/\/02265.com.ar\/index.php\/wp-json\/wp\/v2\/media?parent=18744"}],"wp:term":[{"taxonomy":"category","embeddable":true,"href":"http:\/\/02265.com.ar\/index.php\/wp-json\/wp\/v2\/categories?post=18744"},{"taxonomy":"post_tag","embeddable":true,"href":"http:\/\/02265.com.ar\/index.php\/wp-json\/wp\/v2\/tags?post=18744"}],"curies":[{"name":"wp","href":"https:\/\/api.w.org\/{rel}","templated":true}]}}