{"id":17874,"date":"2024-08-16T18:12:33","date_gmt":"2024-08-16T21:12:33","guid":{"rendered":"https:\/\/02265.com.ar\/?p=17874"},"modified":"2024-08-16T18:16:01","modified_gmt":"2024-08-16T21:16:01","slug":"cnel-vidal-vecinos-de-alvear-y-espana-alertan-por-la-generacion-de-un-pozo-profundo-en-la-calle","status":"publish","type":"post","link":"http:\/\/02265.com.ar\/index.php\/2024\/08\/16\/cnel-vidal-vecinos-de-alvear-y-espana-alertan-por-la-generacion-de-un-pozo-profundo-en-la-calle\/","title":{"rendered":"CNEL VIDAL: Vecinos de Alvear y Espa\u00f1a alertan por la generaci\u00f3n de un pozo profundo en la calle"},"content":{"rendered":"\n<p>Algunos vecinos de la zona de Alvear y Espa\u00f1a en Coronel Vidal, se comunicaron con 02265 para alertar por la formaci\u00f3n de un pozo \u201cprofundo\u201d en la intersecci\u00f3n de esas arterias. La intenci\u00f3n es evitar que los veh\u00edculos pasen por encima del presunto socav\u00f3n y se pueda generar un accidente.<\/p>\n\n\n\n<p>De acuerdo a las declaraciones de los vecinos, el municipio envi\u00f3 agentes a tapar el pozo, \u201cpero se est\u00e1 haciendo otra vez\u201d sostuvieron.<\/p>\n\n\n\n<p>As\u00ed mismo, a prima vista, el pozo tendr\u00eda alrededor de un metro de profundidad y genera preocupaci\u00f3n.<\/p>\n","protected":false},"excerpt":{"rendered":"<p>Algunos vecinos de la zona de Alvear y Espa\u00f1a en Coronel Vidal, se comunicaron con 02265 para alertar por la formaci\u00f3n de un pozo \u201cprofundo\u201d<\/p>\n","protected":false},"author":2,"featured_media":17875,"comment_status":"open","ping_status":"open","sticky":false,"template":"","format":"standard","meta":{"footnotes":""},"categories":[6],"tags":[],"class_list":["post-17874","post","type-post","status-publish","format-standard","has-post-thumbnail","hentry","category-sociedad"],"views":175,"_links":{"self":[{"href":"http:\/\/02265.com.ar\/index.php\/wp-json\/wp\/v2\/posts\/17874","targetHints":{"allow":["GET"]}}],"collection":[{"href":"http:\/\/02265.com.ar\/index.php\/wp-json\/wp\/v2\/posts"}],"about":[{"href":"http:\/\/02265.com.ar\/index.php\/wp-json\/wp\/v2\/types\/post"}],"author":[{"embeddable":true,"href":"http:\/\/02265.com.ar\/index.php\/wp-json\/wp\/v2\/users\/2"}],"replies":[{"embeddable":true,"href":"http:\/\/02265.com.ar\/index.php\/wp-json\/wp\/v2\/comments?post=17874"}],"version-history":[{"count":0,"href":"http:\/\/02265.com.ar\/index.php\/wp-json\/wp\/v2\/posts\/17874\/revisions"}],"wp:featuredmedia":[{"embeddable":true,"href":"http:\/\/02265.com.ar\/index.php\/wp-json\/wp\/v2\/media\/17875"}],"wp:attachment":[{"href":"http:\/\/02265.com.ar\/index.php\/wp-json\/wp\/v2\/media?parent=17874"}],"wp:term":[{"taxonomy":"category","embeddable":true,"href":"http:\/\/02265.com.ar\/index.php\/wp-json\/wp\/v2\/categories?post=17874"},{"taxonomy":"post_tag","embeddable":true,"href":"http:\/\/02265.com.ar\/index.php\/wp-json\/wp\/v2\/tags?post=17874"}],"curies":[{"name":"wp","href":"https:\/\/api.w.org\/{rel}","templated":true}]}}