{"id":12637,"date":"2023-01-16T19:00:59","date_gmt":"2023-01-16T22:00:59","guid":{"rendered":"https:\/\/02265.com.ar\/?p=12637"},"modified":"2023-01-16T19:01:25","modified_gmt":"2023-01-16T22:01:25","slug":"la-hora-silenciosa","status":"publish","type":"post","link":"http:\/\/02265.com.ar\/index.php\/2023\/01\/16\/la-hora-silenciosa\/","title":{"rendered":"<strong>En Mar del Plata debaten proyecto denominado \u201cLa hora silenciosa\u201d: Qu\u00e9 es y d\u00f3nde se aplica<\/strong>"},"content":{"rendered":"\n<p>El proyecto de ordenanza fue ingresado por el concejal Miguel Guglielmotti del Frente de Todos y es una iniciativa conjunta del del Sindicato de Empleados de Comercio y la Uni\u00f3n del Comercio, la Industria y la Producci\u00f3n (UCIP).<\/p>\n\n\n\n<p>\u201cEste tipo de iniciativas alientan a pensar en el otro, a levantar barreras, evitar prejuzgar y visibilizar la realidad de sectores minoritarios de nuestra sociedad\u201d, explic\u00f3 el legislador Miguel Guglielmotti.<\/p>\n\n\n\n<p>El objetivo es que los diferentes comercios fijen una hora y d\u00eda donde deber\u00e1n reducir&nbsp;los ruidos en los locales y se bajar&nbsp;la intensidad de las luces. De esta manera, se genera un ambiente \u00abamigable\u00bb para quienes padeden TEA.<\/p>\n\n\n\n<p>Iniciativas similares ya se aplican en las localidades de Rawson y Esquel (Chubut); Villa Carlos Paz (C\u00f3rdoba); Caleta Oliva (Santa Cruz); Santa Rosa (La Pampa); Paran\u00e1 (Entre R\u00edos), entre otras.<\/p>\n","protected":false},"excerpt":{"rendered":"<p>El proyecto de ordenanza fue ingresado por el concejal Miguel Guglielmotti del Frente de Todos y es una iniciativa conjunta del del Sindicato de Empleados<\/p>\n","protected":false},"author":31,"featured_media":12638,"comment_status":"open","ping_status":"open","sticky":false,"template":"","format":"standard","meta":[],"categories":[82],"tags":[],"views":34,"_links":{"self":[{"href":"http:\/\/02265.com.ar\/index.php\/wp-json\/wp\/v2\/posts\/12637"}],"collection":[{"href":"http:\/\/02265.com.ar\/index.php\/wp-json\/wp\/v2\/posts"}],"about":[{"href":"http:\/\/02265.com.ar\/index.php\/wp-json\/wp\/v2\/types\/post"}],"author":[{"embeddable":true,"href":"http:\/\/02265.com.ar\/index.php\/wp-json\/wp\/v2\/users\/31"}],"replies":[{"embeddable":true,"href":"http:\/\/02265.com.ar\/index.php\/wp-json\/wp\/v2\/comments?post=12637"}],"version-history":[{"count":0,"href":"http:\/\/02265.com.ar\/index.php\/wp-json\/wp\/v2\/posts\/12637\/revisions"}],"wp:featuredmedia":[{"embeddable":true,"href":"http:\/\/02265.com.ar\/index.php\/wp-json\/wp\/v2\/media\/12638"}],"wp:attachment":[{"href":"http:\/\/02265.com.ar\/index.php\/wp-json\/wp\/v2\/media?parent=12637"}],"wp:term":[{"taxonomy":"category","embeddable":true,"href":"http:\/\/02265.com.ar\/index.php\/wp-json\/wp\/v2\/categories?post=12637"},{"taxonomy":"post_tag","embeddable":true,"href":"http:\/\/02265.com.ar\/index.php\/wp-json\/wp\/v2\/tags?post=12637"}],"curies":[{"name":"wp","href":"https:\/\/api.w.org\/{rel}","templated":true}]}}