{"id":12633,"date":"2023-01-16T18:58:28","date_gmt":"2023-01-16T21:58:28","guid":{"rendered":"https:\/\/02265.com.ar\/?p=12633"},"modified":"2023-01-16T18:58:29","modified_gmt":"2023-01-16T21:58:29","slug":"juicio-por-fernando-baez-sosa-este-16-de-enero-declaran-los-rugbiers-sobreseidos","status":"publish","type":"post","link":"http:\/\/02265.com.ar\/index.php\/2023\/01\/16\/juicio-por-fernando-baez-sosa-este-16-de-enero-declaran-los-rugbiers-sobreseidos\/","title":{"rendered":"<strong>Juicio por Fernando B\u00e1ez Sosa: Este 16 de enero declaran los rugbiers sobrese\u00eddos<\/strong>"},"content":{"rendered":"\n<p>Este&nbsp;16 de enero, declaran Juan Perdro Guarino, Alejo Milanesi y familiares de algunos de los acusados en la und\u00e9cima audiencia del juicio por el crimen de Fernando B\u00e1ez Sosa,&nbsp;citados por la defensa de los imputados, a cargo de Hugo Tomei.<\/p>\n\n\n\n<p>Guarino y Milanesi estuvieron detenidos dos meses en la Unidad 6 de dolores, pero fueron sobrese\u00eddos luego de que la fiscal Ver\u00f3nica Zamboni determinara que ninguno de los dos estaba involucrado en el ataque.<\/p>\n\n\n\n<p>Entre la lista de los familiares sobresale el de\u00a0Rosal\u00eda Z\u00e1rate,\u00a0<a href=\"https:\/\/www.lanoticia1.com\/noticia\/crimen-de-los-rugbiers-en-zarate-sospechan-que-la-funcionaria-de-caffaro-en-realidad-no-renuncio-120185.html\">ex funcionaria p\u00fablica y madre de M\u00e1ximo Thomsen,<\/a>\u00a0quien\u00a0se desempe\u00f1aba como Secretaria de Obras P\u00fablicas.\u00a0<\/p>\n\n\n\n<p>Sin embargo, hay expectativa por las declaraciones ya que estuvieron presentes en el boliche Le Brique, cuando sacaron al grupo de all\u00ed, en&nbsp;la quinta y, finalmente, cuando fueron arrestados en el domicilio alquilado.<\/p>\n\n\n\n<p>El jueves&nbsp;<a href=\"https:\/\/www.lanoticia1.com\/noticia\/el-rugbier-luciano-pertossi-rompio-el-pacto-de-silencio-en-el-juicio-por-fernando-baez-sosa-que-dijo-144170.html\">Luciano Pertossi rompi\u00f3 el silencio por primera vez y neg\u00f3 haber participado del ataque. \u201cYo no estaba\u201d<\/a>, asegur\u00f3 ante la atenta mirada de todos en los Tribunales de Dolores. Despu\u00e9s de eso, no respondi\u00f3 preguntas.<\/p>\n","protected":false},"excerpt":{"rendered":"<p>Este&nbsp;16 de enero, declaran Juan Perdro Guarino, Alejo Milanesi y familiares de algunos de los acusados en la und\u00e9cima audiencia del juicio por el crimen<\/p>\n","protected":false},"author":31,"featured_media":12634,"comment_status":"open","ping_status":"open","sticky":false,"template":"","format":"standard","meta":[],"categories":[82],"tags":[],"views":55,"_links":{"self":[{"href":"http:\/\/02265.com.ar\/index.php\/wp-json\/wp\/v2\/posts\/12633"}],"collection":[{"href":"http:\/\/02265.com.ar\/index.php\/wp-json\/wp\/v2\/posts"}],"about":[{"href":"http:\/\/02265.com.ar\/index.php\/wp-json\/wp\/v2\/types\/post"}],"author":[{"embeddable":true,"href":"http:\/\/02265.com.ar\/index.php\/wp-json\/wp\/v2\/users\/31"}],"replies":[{"embeddable":true,"href":"http:\/\/02265.com.ar\/index.php\/wp-json\/wp\/v2\/comments?post=12633"}],"version-history":[{"count":0,"href":"http:\/\/02265.com.ar\/index.php\/wp-json\/wp\/v2\/posts\/12633\/revisions"}],"wp:featuredmedia":[{"embeddable":true,"href":"http:\/\/02265.com.ar\/index.php\/wp-json\/wp\/v2\/media\/12634"}],"wp:attachment":[{"href":"http:\/\/02265.com.ar\/index.php\/wp-json\/wp\/v2\/media?parent=12633"}],"wp:term":[{"taxonomy":"category","embeddable":true,"href":"http:\/\/02265.com.ar\/index.php\/wp-json\/wp\/v2\/categories?post=12633"},{"taxonomy":"post_tag","embeddable":true,"href":"http:\/\/02265.com.ar\/index.php\/wp-json\/wp\/v2\/tags?post=12633"}],"curies":[{"name":"wp","href":"https:\/\/api.w.org\/{rel}","templated":true}]}}