{"id":12198,"date":"2022-11-14T20:02:56","date_gmt":"2022-11-14T23:02:56","guid":{"rendered":"http:\/\/02265.com.ar\/?p=12198"},"modified":"2022-11-14T20:03:17","modified_gmt":"2022-11-14T23:03:17","slug":"las-fiestas-populares-le-hacen-bien-a-la-comunidad","status":"publish","type":"post","link":"http:\/\/02265.com.ar\/index.php\/2022\/11\/14\/las-fiestas-populares-le-hacen-bien-a-la-comunidad\/","title":{"rendered":"Germ\u00e1n Montes: \u00abLas fiestas populares le hacen bien a la comunidad\u00bb"},"content":{"rendered":"\n<p>Culmin\u00f3 la XV Fiesta Provincial del Cordero Costero en Mar de Cobo con un predio repleto de personas de diferentes puntos de la regi\u00f3n. Fueron miles los que vivieron tres jornadas de celebraci\u00f3n, turismo, gastronom\u00eda, y espect\u00e1culos culturales para toda la familia. Artistas locales, regionales y las presentaciones destacadas de Volc\u00e1n, Tambo Tambo y Germ\u00e1n Montes hicieron bailar, cantar y emocionar a la multitud.<\/p>\n\n\n\n<p>Durante el festejo, German Montes, secretario de Turismo y Cultura del Partido de Mar Chiquita, tom\u00f3 la palabra y expres\u00f3: \u00abLas fiestas populares le hacen bien a la comunidad, pero no s\u00f3lo en lo festivo, sino en lo productivo, lo laboral, lo cultural, tur\u00edstico y en la cantidad de personas que pueden venir a visitarnos al Partido de Mar Chiquita como est\u00e1 sucediendo en cada fiesta popular de esta comarca maravillosa\u00bb.<\/p>\n\n\n\n<p>Sucedi\u00f3 de todo: una cargada grilla de presentaciones art\u00edsticas, el tradicional desfile, m\u00fasica, danza, un circuito gastron\u00f3mico con diferentes opciones, puestos de artesanos\/as y emprendedores\/as, actividades recreativas, juegos para los m\u00e1s chicos y chicas y la elecci\u00f3n de las nuevas representantes, Luc\u00eda Luchini, Abril Garcia y Melani Salvetti.&nbsp;<\/p>\n","protected":false},"excerpt":{"rendered":"<p>Culmin\u00f3 la XV Fiesta Provincial del Cordero Costero en Mar de Cobo con un predio repleto de personas de diferentes puntos de la regi\u00f3n. Fueron<\/p>\n","protected":false},"author":31,"featured_media":12199,"comment_status":"open","ping_status":"open","sticky":false,"template":"","format":"standard","meta":{"footnotes":""},"categories":[6],"tags":[],"class_list":["post-12198","post","type-post","status-publish","format-standard","has-post-thumbnail","hentry","category-sociedad"],"views":171,"_links":{"self":[{"href":"http:\/\/02265.com.ar\/index.php\/wp-json\/wp\/v2\/posts\/12198","targetHints":{"allow":["GET"]}}],"collection":[{"href":"http:\/\/02265.com.ar\/index.php\/wp-json\/wp\/v2\/posts"}],"about":[{"href":"http:\/\/02265.com.ar\/index.php\/wp-json\/wp\/v2\/types\/post"}],"author":[{"embeddable":true,"href":"http:\/\/02265.com.ar\/index.php\/wp-json\/wp\/v2\/users\/31"}],"replies":[{"embeddable":true,"href":"http:\/\/02265.com.ar\/index.php\/wp-json\/wp\/v2\/comments?post=12198"}],"version-history":[{"count":0,"href":"http:\/\/02265.com.ar\/index.php\/wp-json\/wp\/v2\/posts\/12198\/revisions"}],"wp:featuredmedia":[{"embeddable":true,"href":"http:\/\/02265.com.ar\/index.php\/wp-json\/wp\/v2\/media\/12199"}],"wp:attachment":[{"href":"http:\/\/02265.com.ar\/index.php\/wp-json\/wp\/v2\/media?parent=12198"}],"wp:term":[{"taxonomy":"category","embeddable":true,"href":"http:\/\/02265.com.ar\/index.php\/wp-json\/wp\/v2\/categories?post=12198"},{"taxonomy":"post_tag","embeddable":true,"href":"http:\/\/02265.com.ar\/index.php\/wp-json\/wp\/v2\/tags?post=12198"}],"curies":[{"name":"wp","href":"https:\/\/api.w.org\/{rel}","templated":true}]}}