{"id":11863,"date":"2022-09-30T21:01:18","date_gmt":"2022-10-01T00:01:18","guid":{"rendered":"http:\/\/02265.com.ar\/?p=11863"},"modified":"2022-09-30T21:01:31","modified_gmt":"2022-10-01T00:01:31","slug":"se-viene-el-primer-festival-de-longboard","status":"publish","type":"post","link":"http:\/\/02265.com.ar\/index.php\/2022\/09\/30\/se-viene-el-primer-festival-de-longboard\/","title":{"rendered":"Se viene el primer Festival de Longboard en Camet Norte"},"content":{"rendered":"\n<p>El pr\u00f3ximo s\u00e1bado 15 de octubre, Camet Norte ser\u00e1 anfitri\u00f3n del primer Festival de Longboard, con el apoyo de la Secretar\u00eda de Deportes y organizado por la subcomisi\u00f3n respectiva de la Asociaci\u00f3n de Stand Up Paddle Costa Atl\u00e1ntica. El evento reunir\u00e1 a toda la comunidad de surfistas en general creando un espacio de di\u00e1logo con los vecinos y turistas que quieran conocer m\u00e1s sobre el deporte. Las preinscripciones se pueden concretar en el siguiente link:&nbsp;<a href=\"http:\/\/supargentino.org\/longfest-el-mar-nos-conecta\/\" target=\"_blank\" rel=\"noreferrer noopener\">http:\/\/supargentino.org\/longfest-el-mar-nos-conecta\/<\/a><\/p>\n\n\n\n<p>El lugar elegido es el Puesto 1 de Camet Norte, en Estado Plurinacional de Bolivia y El Paso,&nbsp;donde estar\u00e1 el epicentro de las actividades con un anexo en Mirador Beach Club, que dispondr\u00e1 un espacio destinado a exhibici\u00f3n de tablas y obras art\u00edsticas para cierre de la jornada. El festival es un evento deportivo -no competitivo- y cultural, con la disciplina longboard como n\u00facleo central de la tem\u00e1tica abordada, y tambi\u00e9n estar\u00e1 destinado a funboards, tablas retro y categor\u00edas principiantes. La cita es el s\u00e1bado 15 de octubre (o el domingo 16 de octubre, dependiendo de las condiciones clim\u00e1ticas y del mar).&nbsp;<br><br>Asimismo habr\u00e1 m\u00fasica en vivo, clase de yoga y de calentamiento para el deporte, artistas en vivo con actividades recreativas para los m\u00e1s chicos, entre otras actividades para compartir en familia. A su vez, se&nbsp;har\u00e1 una exposici\u00f3n de distintos tipos de tablas de longboard y fotograf\u00edas que muestran las capacidades creativas de los fabricantes y artistas regionales.<br><br>Por otro lado, se instalar\u00e1 un stand de la Fundaci\u00f3n Ciudad Inclusiva, en el cual se expondr\u00e1n trabajos de dise\u00f1o realizados en el marco de un proyecto que fomenta la obtenci\u00f3n de herramientas laborales a mujeres en situaci\u00f3n de riesgo, as\u00ed como distintas muestras de marcas y emprendimientos orientados al deporte y al mar.<br>Por otro lado, desde ASUPCA&nbsp;proyectan dar cumplimiento a la tercera fecha del Circuito Costa Atl\u00e1ntica de SUP Surf y Race, que iba a desarrollarse en Camet Norte el pasado 17 de septiembre y fue postergada dadas las malas condiciones del tiempo y el mar.<\/p>\n","protected":false},"excerpt":{"rendered":"<p>El pr\u00f3ximo s\u00e1bado 15 de octubre, Camet Norte ser\u00e1 anfitri\u00f3n del primer Festival de Longboard, con el apoyo de la Secretar\u00eda de Deportes y organizado<\/p>\n","protected":false},"author":31,"featured_media":11864,"comment_status":"open","ping_status":"open","sticky":false,"template":"","format":"standard","meta":[],"categories":[6],"tags":[],"views":76,"_links":{"self":[{"href":"http:\/\/02265.com.ar\/index.php\/wp-json\/wp\/v2\/posts\/11863"}],"collection":[{"href":"http:\/\/02265.com.ar\/index.php\/wp-json\/wp\/v2\/posts"}],"about":[{"href":"http:\/\/02265.com.ar\/index.php\/wp-json\/wp\/v2\/types\/post"}],"author":[{"embeddable":true,"href":"http:\/\/02265.com.ar\/index.php\/wp-json\/wp\/v2\/users\/31"}],"replies":[{"embeddable":true,"href":"http:\/\/02265.com.ar\/index.php\/wp-json\/wp\/v2\/comments?post=11863"}],"version-history":[{"count":0,"href":"http:\/\/02265.com.ar\/index.php\/wp-json\/wp\/v2\/posts\/11863\/revisions"}],"wp:featuredmedia":[{"embeddable":true,"href":"http:\/\/02265.com.ar\/index.php\/wp-json\/wp\/v2\/media\/11864"}],"wp:attachment":[{"href":"http:\/\/02265.com.ar\/index.php\/wp-json\/wp\/v2\/media?parent=11863"}],"wp:term":[{"taxonomy":"category","embeddable":true,"href":"http:\/\/02265.com.ar\/index.php\/wp-json\/wp\/v2\/categories?post=11863"},{"taxonomy":"post_tag","embeddable":true,"href":"http:\/\/02265.com.ar\/index.php\/wp-json\/wp\/v2\/tags?post=11863"}],"curies":[{"name":"wp","href":"https:\/\/api.w.org\/{rel}","templated":true}]}}