{"id":11847,"date":"2022-09-30T19:42:00","date_gmt":"2022-09-30T22:42:00","guid":{"rendered":"http:\/\/02265.com.ar\/?p=11847"},"modified":"2022-09-30T20:27:28","modified_gmt":"2022-09-30T23:27:28","slug":"femicida-tiktoker-juan-marquestau","status":"publish","type":"post","link":"http:\/\/02265.com.ar\/index.php\/2022\/09\/30\/femicida-tiktoker-juan-marquestau\/","title":{"rendered":"EL INSOLITO FEMICIDA TIKTOKER: Juan Marquestau, que mat\u00f3 a Nicole Pe\u00f1a en Piran, baila y saluda en la red social desde el Penal de Bat\u00e1n"},"content":{"rendered":"\n<p>Si algo no nos sorprende, es que en Argentina pasen cosas ins\u00f3litas. La que vamos a describir a continuaci\u00f3n, nos toca de cerca a los marchiquitenses. El femicida de Nicole Pe\u00f1a, la joven de General Piran, se convirti\u00f3 en \u201ctiktoker\u201d estando dentro del Penal de Bat\u00e1n. El sujeto est\u00e1 detenido desde el 26 de diciembre de 2021, cuando confes\u00f3 haber asesinado a la mujer, que hab\u00eda desaparecido 72 hs antes del triste desenlace. &nbsp;Se est\u00e1n realizando diligencias administrativas por parte de la justicia, ya que deber\u00eda estar prohibido el uso de telefon\u00eda celular dentro de los penales.<\/p>\n\n\n\n<p>En los diferentes videos que Marquestau subi\u00f3 en la red social Tik Tok, hay algunos en los que incluso participan otros reclusos. Se lo ve bailando y saludando a sus \u201cseguidores\u201d de manera impune. En total suma 85 seguidores.<\/p>\n\n\n\n<div class=\"wp-block-image\"><figure class=\"alignright size-large is-resized\"><a href=\"http:\/\/02265.com.ar\/wp-content\/uploads\/2022\/09\/tktk.jpg\"><img decoding=\"async\" loading=\"lazy\" src=\"http:\/\/02265.com.ar\/wp-content\/uploads\/2022\/09\/tktk.jpg\" alt=\"\" class=\"wp-image-11850\" width=\"444\" height=\"255\" srcset=\"http:\/\/02265.com.ar\/wp-content\/uploads\/2022\/09\/tktk.jpg 1025w, http:\/\/02265.com.ar\/wp-content\/uploads\/2022\/09\/tktk-300x173.jpg 300w, http:\/\/02265.com.ar\/wp-content\/uploads\/2022\/09\/tktk-768x443.jpg 768w, http:\/\/02265.com.ar\/wp-content\/uploads\/2022\/09\/tktk-783x450.jpg 783w, http:\/\/02265.com.ar\/wp-content\/uploads\/2022\/09\/tktk-1000x574.jpg 1000w\" sizes=\"(max-width: 444px) 100vw, 444px\" \/><\/a><\/figure><\/div>\n\n\n\n<p>Los registros de la red social Tik Tok, marcan que el sujeto, sube videos desde el mes de febrero. Siendo el \u00faltimo, el d\u00eda jueves 29 de septiembre.<\/p>\n\n\n\n<p><\/p>\n\n\n\n<p><\/p>\n\n\n\n<div class=\"wp-block-columns is-layout-flex wp-container-4\">\n<div class=\"wp-block-column is-layout-flow\">\n<figure class=\"wp-block-video\"><video controls src=\"http:\/\/02265.com.ar\/wp-content\/uploads\/2022\/09\/FormatFactorytiktokdownload.online_1664569826956.mp4\"><\/video><figcaption>Saludando a sus \u00abseguidores\u00bb desde el \u00abtrabajo\u00bb<\/figcaption><\/figure>\n<\/div>\n\n\n\n<div class=\"wp-block-column is-layout-flow\">\n<figure class=\"wp-block-video\"><video controls src=\"http:\/\/02265.com.ar\/wp-content\/uploads\/2022\/09\/FormatFactorytiktokdownload.online_1664570015651.mp4\"><\/video><figcaption>El asesino de Nicole Pe\u00f1a junto a otros reclusos bailando<\/figcaption><\/figure>\n<\/div>\n\n\n\n<div class=\"wp-block-column is-layout-flow\">\n<figure class=\"wp-block-video\"><video controls src=\"http:\/\/02265.com.ar\/wp-content\/uploads\/2022\/09\/tiktokdownload.online_1664570108856.mp4\"><\/video><figcaption>Tambien desde la ducha del Penal de Batan<\/figcaption><\/figure>\n<\/div>\n<\/div>\n\n\n\n<p><a href=\"http:\/\/02265.com.ar\/wp-admin\/edit.php?post_type=post\"><\/a><\/p>\n\n\n\n<p>Juan Marquestau, de 48 a\u00f1os, mat\u00f3 a golpes a Nicole Pe\u00f1a (29) de General Piran, en la \u00faltima semana de 2021. La mujer fue reportada como desaparecida el 23 de diciembre del a\u00f1o pasado, y tras la recolecci\u00f3n de algunos testimonios, se lleg\u00f3 al campo \u201cLa Providencia\u201d, donde trabajaba el femicida. Casualmente, este hab\u00eda sido pareja de la mujer asesinada y pesaba sobre \u00e9l una orden de restricci\u00f3n que iba a ser duradera hasta abril del 2022.<\/p>\n\n\n\n<p>El 26 de diciembre tras una orden de allanamiento, por parte del juez de garant\u00edas Dr. Demarco, se llev\u00f3 adelante la requisa en el establecimiento rural. All\u00ed se encontraron, en principio, elementos tales como prendas de vestir, un par de ojotas de mujer en medio de un monte y un celular roto, propiedad de la v\u00edctima. As\u00ed mismo, en un aljibe, que fue se\u00f1alado por el propio femicida, encontraron dos ruedas de bicicleta y un cuadro cortado en pedazos. All\u00ed adem\u00e1s hab\u00eda varios escombros, que tras ser removidos por personal de bomberos de polic\u00eda, se hall\u00f3 el cuerpo sin vida de la mujer buscada.<\/p>\n\n\n\n<p>El femicida, hoy contin\u00faa preso en la alcaid\u00eda de Bat\u00e1n, a la espera del juicio, del que saldr\u00e1, seguramente culpable y por el que purgar\u00e1, esperamos, una pena ejemplar. En General Piran todav\u00eda se sigue pidiendo #JusticiaPorNicole<\/p>\n\n\n\n<div class=\"wp-block-columns is-layout-flex wp-container-8\">\n<div class=\"wp-block-column is-layout-flow\">\n<figure class=\"wp-block-video\"><video controls src=\"http:\/\/02265.com.ar\/wp-content\/uploads\/2022\/09\/tiktokdownload.online_1664569989104.mp4\"><\/video><figcaption>El femicida bilando cumbia<\/figcaption><\/figure>\n<\/div>\n\n\n\n<div class=\"wp-block-column is-layout-flow\">\n<figure class=\"wp-block-video\"><video controls src=\"http:\/\/02265.com.ar\/wp-content\/uploads\/2022\/09\/FormatFactorytiktokdownload.online_1664569909854.mp4\"><\/video><figcaption>El sujeto detenido por la muerte de Pe\u00f1a, agradece a sus \u00abSeguidores\u00bb<\/figcaption><\/figure>\n\n\n\n<p><\/p>\n<\/div>\n\n\n\n<div class=\"wp-block-column is-layout-flow\">\n<figure class=\"wp-block-video\"><video controls src=\"http:\/\/02265.com.ar\/wp-content\/uploads\/2022\/09\/tiktokdownload.online_1664569650688.mp4\"><\/video><figcaption>Desde el patio del Penal<\/figcaption><\/figure>\n<\/div>\n<\/div>\n","protected":false},"excerpt":{"rendered":"<p>Si algo no nos sorprende, es que en Argentina pasen cosas ins\u00f3litas. La que vamos a describir a continuaci\u00f3n, nos toca de cerca a los<\/p>\n","protected":false},"author":2,"featured_media":11849,"comment_status":"open","ping_status":"open","sticky":false,"template":"","format":"standard","meta":[],"categories":[6],"tags":[],"views":4403,"_links":{"self":[{"href":"http:\/\/02265.com.ar\/index.php\/wp-json\/wp\/v2\/posts\/11847"}],"collection":[{"href":"http:\/\/02265.com.ar\/index.php\/wp-json\/wp\/v2\/posts"}],"about":[{"href":"http:\/\/02265.com.ar\/index.php\/wp-json\/wp\/v2\/types\/post"}],"author":[{"embeddable":true,"href":"http:\/\/02265.com.ar\/index.php\/wp-json\/wp\/v2\/users\/2"}],"replies":[{"embeddable":true,"href":"http:\/\/02265.com.ar\/index.php\/wp-json\/wp\/v2\/comments?post=11847"}],"version-history":[{"count":0,"href":"http:\/\/02265.com.ar\/index.php\/wp-json\/wp\/v2\/posts\/11847\/revisions"}],"wp:featuredmedia":[{"embeddable":true,"href":"http:\/\/02265.com.ar\/index.php\/wp-json\/wp\/v2\/media\/11849"}],"wp:attachment":[{"href":"http:\/\/02265.com.ar\/index.php\/wp-json\/wp\/v2\/media?parent=11847"}],"wp:term":[{"taxonomy":"category","embeddable":true,"href":"http:\/\/02265.com.ar\/index.php\/wp-json\/wp\/v2\/categories?post=11847"},{"taxonomy":"post_tag","embeddable":true,"href":"http:\/\/02265.com.ar\/index.php\/wp-json\/wp\/v2\/tags?post=11847"}],"curies":[{"name":"wp","href":"https:\/\/api.w.org\/{rel}","templated":true}]}}