{"id":11844,"date":"2022-09-29T18:39:21","date_gmt":"2022-09-29T21:39:21","guid":{"rendered":"http:\/\/02265.com.ar\/?p=11844"},"modified":"2022-09-29T18:39:38","modified_gmt":"2022-09-29T21:39:38","slug":"nuevas-escrituras-de-prescripcion-administrativa","status":"publish","type":"post","link":"http:\/\/02265.com.ar\/index.php\/2022\/09\/29\/nuevas-escrituras-de-prescripcion-administrativa\/","title":{"rendered":"Nuevas escrituras de Prescripci\u00f3n Administrativa para el Partido de Mar Chiquita"},"content":{"rendered":"\n<p>El intendente del Partido de Mar Chiquita, Jorge Paredi fue recibido por el director de Fortalecimiento de la Escrituraci\u00f3n Social, Lic. Sebasti\u00e1n Tangorra en la Escriban\u00eda General de Gobierno de la provincia de Buenos Aires, donde firmaron nuevas escrituras para diversas localidades del distrito. \u00abTrabajamos junto a la provincia en la generaci\u00f3n de nuevas escrituras de terrenos\u00bb, explic\u00f3 el jefe comunal.<\/p>\n\n\n\n<p>En la Escriban\u00eda General de Gobierno de la provincia de Buenos Aires, el intendente Jorge Paredi mantuvo un encuentro con el director de Fortalecimiento de la Escrituraci\u00f3n Social, Lic. Sebasti\u00e1n Tangorra y la escribana Adscripta, Cora Barreto Peltzer y firmaron 58 nuevas escrituras de la operatoria \u00abPrescripci\u00f3n Administrativa\u00bb de General Pir\u00e1n, Coronel Vidal, Santa Clara del Mar, Mar de Cobo y Balneario Parque Mar Chiquita. Paredi, estuvo acompa\u00f1ado por el secretario General, Walter Wischnivetzky y el delegado de Santa Elena, Fabi\u00e1n Jacquet.<\/p>\n\n\n\n<p>Paredi resalt\u00f3: \u00abTrabajamos en conjunto con la provincia de Buenos Aires en la generaci\u00f3n de nuevas escrituras de terrenos en las diferentes localidades del Partido de Mar Chiquita, donde proyectamos construir m\u00e1s viviendas para los vecinos y vecinas del distrito. En esta oportunidad, firmamos 58 nuevas escrituras para las localidades de General Pir\u00e1n, Coronel Vidal, Santa Clara del Mar, Mar de Cobo y Balneario Parque Mar Chiquita\u00bb.&nbsp;&nbsp;<\/p>\n","protected":false},"excerpt":{"rendered":"<p>El intendente del Partido de Mar Chiquita, Jorge Paredi fue recibido por el director de Fortalecimiento de la Escrituraci\u00f3n Social, Lic. Sebasti\u00e1n Tangorra en la<\/p>\n","protected":false},"author":31,"featured_media":11845,"comment_status":"open","ping_status":"open","sticky":false,"template":"","format":"standard","meta":[],"categories":[2],"tags":[],"views":206,"_links":{"self":[{"href":"http:\/\/02265.com.ar\/index.php\/wp-json\/wp\/v2\/posts\/11844"}],"collection":[{"href":"http:\/\/02265.com.ar\/index.php\/wp-json\/wp\/v2\/posts"}],"about":[{"href":"http:\/\/02265.com.ar\/index.php\/wp-json\/wp\/v2\/types\/post"}],"author":[{"embeddable":true,"href":"http:\/\/02265.com.ar\/index.php\/wp-json\/wp\/v2\/users\/31"}],"replies":[{"embeddable":true,"href":"http:\/\/02265.com.ar\/index.php\/wp-json\/wp\/v2\/comments?post=11844"}],"version-history":[{"count":0,"href":"http:\/\/02265.com.ar\/index.php\/wp-json\/wp\/v2\/posts\/11844\/revisions"}],"wp:featuredmedia":[{"embeddable":true,"href":"http:\/\/02265.com.ar\/index.php\/wp-json\/wp\/v2\/media\/11845"}],"wp:attachment":[{"href":"http:\/\/02265.com.ar\/index.php\/wp-json\/wp\/v2\/media?parent=11844"}],"wp:term":[{"taxonomy":"category","embeddable":true,"href":"http:\/\/02265.com.ar\/index.php\/wp-json\/wp\/v2\/categories?post=11844"},{"taxonomy":"post_tag","embeddable":true,"href":"http:\/\/02265.com.ar\/index.php\/wp-json\/wp\/v2\/tags?post=11844"}],"curies":[{"name":"wp","href":"https:\/\/api.w.org\/{rel}","templated":true}]}}