{"id":11662,"date":"2022-08-29T23:30:43","date_gmt":"2022-08-30T02:30:43","guid":{"rendered":"http:\/\/02265.com.ar\/?p=11662"},"modified":"2022-08-29T23:31:11","modified_gmt":"2022-08-30T02:31:11","slug":"mes-de-las-infancias","status":"publish","type":"post","link":"http:\/\/02265.com.ar\/index.php\/2022\/08\/29\/mes-de-las-infancias\/","title":{"rendered":"Mar Chiquita celebra el Mes de las Infancias junto a toda la comunidad"},"content":{"rendered":"\n<p>Este fin de semana, con la colaboraci\u00f3n y participaci\u00f3n de la comunidad, continuaron los festejos del Mes de las Infancias en distintas localidades del Partido de Mar Chiquita. En Mar de Cobo, Playa Dorada y General Pir\u00e1n, cientos de chicos, chicas y familias, vivieron tardes a pura diversi\u00f3n y entretenimiento con shows en vivo, juegos y actividades recreativas. El s\u00e1bado 3 y domingo 4, las celebraciones contin\u00faan en Coronel Vidal y Vivorat\u00e1.&nbsp;<br>El intendente del Partido de Mar Chiquita, Jorge Paredi, particip\u00f3 del D\u00eda de las Infancias en Playa Dorada y manifest\u00f3: \u00abEs hermoso encontrar a las familias marchiquitenses disfrutando del Mes de las Infancias en las distintas localidades\u00bb. Y agreg\u00f3: \u00abAgradecemos a las instituciones y organizaciones que se suman a trabajar en conjunto a las delegaciones y secretar\u00edas municipales para llevar felicidad a ni\u00f1os y ni\u00f1as\u00bb.<\/p>\n\n\n\n<p>En el Polideportivo de General Pir\u00e1n; la Plaza Central de Mar de Cobo y la Plaza de Playa Dorada, cientos de familias disfrutaron de los festejos por el D\u00eda de las Infancias, que contaron con shows, espect\u00e1culos art\u00edsticos, juegos recreativos y deportivos, tren de la alegr\u00eda, merienda y mucha diversi\u00f3n. Las Delegaciones municipales de General Pir\u00e1n, Santa Elena y Balneario Parque Mar Chiquita, agradecieron a las instituciones intermedias que colaboraron en la organizaci\u00f3n de los eventos.<\/p>\n\n\n\n<p>La Delegaci\u00f3n Balneario Parque Mar Chiquita, a cargo de Edgardo Veble agradeci\u00f3 la solidaridad de: Ferreter\u00eda El Galp\u00f3n de Mariano; Hoster\u00eda Oasis; Quique Mendoza; Br\u00edtez Construcciones; Filtrac Repuestos; Ingenier\u00eda Aries; Kiosco Pinky y Cerebro; Almac\u00e9n Los Chicos de la Plaza; Cel\u00edacos Unidos Santa Clara; Fomento Mar de Cobo; Cooperadora de la Escuela N\u00b021; CIC de Camet Norte; personal de las Delegaciones Costa Sur y Santa Clara del Mar.<\/p>\n\n\n\n<p>En tanto, el delegado de Costa Sur, Fabi\u00e1n Jacquet, extendi\u00f3 los agradecimiento a: Grupo Envi\u00f3n; equipo de trabajo de primeras infancias; Barrios La Cercan\u00eda; Montenegro Construcciones; Panader\u00eda La Marinera; Centro Comercial Santa Clara; Sociedad de Fomento Playa Dorada; Bomberos Voluntarios de Santa Clara Del Mar; Pe\u00f1a Santa Clara es de Boca; Filial Mar Chiquita es de River; Pe\u00f1a Gimnasia y Esgrima de la Plata; Grupo de Cel\u00edacos Unidos de Santa Clara Del Mar; Filtrac El Turco; Shell Don F\u00e9lix; Staff Solidario de la Costa; fotocopias Lo De Cari; Agrupaci\u00f3n Nuestra Am\u00e9rica; Churros Santa Elena; Pochoclos Picho, Alberto y Claudia; Food Truck Delicius; Lo de Margarita; Mercado Huma; Mercado Lo de Tata; Mercado San Jorge; Grupo de Artiller\u00eda Antia\u00e9reo 601 y Anses.<\/p>\n\n\n\n<p>A trav\u00e9s de la Delegaci\u00f3n General Pir\u00e1n, el delegado Horacio Ferreyra, remarc\u00f3 la solidaridad de: Construcciones Cosmos; Herrer\u00eda \u00abLos Amigos\u00bb; Juan Alfredo Irazabal; Carlos Amatucci; Filtrac S.A; Bistolfi Cricho; Corral\u00f3n Villagra; Santiago L\u00f3pez; Facundo Aguinaga; Santiago Alb\u00edn; Los Pibes; Ricardo Alvarez; Marcela Amatucci; Polirubro Sarasibar; Regaler\u00eda Paso&#8217;s; Isa\u00edas Suquilvide; Taller Mecanico Paredi; Fhur Gabriel; Granja Xhardez; Mar\u00eda Laurizi; Elena Lemble de Caro; Ivan La Benedicta; Ricardo Gutierrez.<\/p>\n","protected":false},"excerpt":{"rendered":"<p>Este fin de semana, con la colaboraci\u00f3n y participaci\u00f3n de la comunidad, continuaron los festejos del Mes de las Infancias en distintas localidades del Partido<\/p>\n","protected":false},"author":31,"featured_media":11663,"comment_status":"open","ping_status":"open","sticky":false,"template":"","format":"standard","meta":[],"categories":[6],"tags":[],"views":119,"_links":{"self":[{"href":"http:\/\/02265.com.ar\/index.php\/wp-json\/wp\/v2\/posts\/11662"}],"collection":[{"href":"http:\/\/02265.com.ar\/index.php\/wp-json\/wp\/v2\/posts"}],"about":[{"href":"http:\/\/02265.com.ar\/index.php\/wp-json\/wp\/v2\/types\/post"}],"author":[{"embeddable":true,"href":"http:\/\/02265.com.ar\/index.php\/wp-json\/wp\/v2\/users\/31"}],"replies":[{"embeddable":true,"href":"http:\/\/02265.com.ar\/index.php\/wp-json\/wp\/v2\/comments?post=11662"}],"version-history":[{"count":0,"href":"http:\/\/02265.com.ar\/index.php\/wp-json\/wp\/v2\/posts\/11662\/revisions"}],"wp:featuredmedia":[{"embeddable":true,"href":"http:\/\/02265.com.ar\/index.php\/wp-json\/wp\/v2\/media\/11663"}],"wp:attachment":[{"href":"http:\/\/02265.com.ar\/index.php\/wp-json\/wp\/v2\/media?parent=11662"}],"wp:term":[{"taxonomy":"category","embeddable":true,"href":"http:\/\/02265.com.ar\/index.php\/wp-json\/wp\/v2\/categories?post=11662"},{"taxonomy":"post_tag","embeddable":true,"href":"http:\/\/02265.com.ar\/index.php\/wp-json\/wp\/v2\/tags?post=11662"}],"curies":[{"name":"wp","href":"https:\/\/api.w.org\/{rel}","templated":true}]}}