{"id":11658,"date":"2022-08-29T23:26:34","date_gmt":"2022-08-30T02:26:34","guid":{"rendered":"http:\/\/02265.com.ar\/?p=11658"},"modified":"2022-08-29T23:27:30","modified_gmt":"2022-08-30T02:27:30","slug":"plan-estrategico-2022-2032-6","status":"publish","type":"post","link":"http:\/\/02265.com.ar\/index.php\/2022\/08\/29\/plan-estrategico-2022-2032-6\/","title":{"rendered":"Plan Estrat\u00e9gico 2022-2032: fuerzas vivas de Santa Clara del Mar y Camet Norte presentaron sus propuestas"},"content":{"rendered":"\n<p>En la continuidad del proceso de entrega de proyectos por el Plan Estrat\u00e9gico 2022-2032, fuerzas vivas de Santa Clara del Mar y Camet Norte elevaron sus propuestas prioritarias al municipio. En un positivo encuentro realizado en el Cine Teatro Leonardo Favio de la localidad balnearia, las instituciones tuvieron la oportunidad de contar y desarrollar sus ideas para los pr\u00f3ximos diez a\u00f1os. Al respecto, el intendente Jorge Paredi, que particip\u00f3 de la reuni\u00f3n, resalt\u00f3 el \u00abcompromiso social y ciudadano de las organizaciones intermedias para pensar juntos el futuro\u00bb.<\/p>\n\n\n\n<p>Junto al jefe comunal, encabezaron el encuentro el delegado municipal Antonio Contardo, el secretario General Walter Wischnivetzky, el secretario de Prensa y Comunicaci\u00f3n Marcos Ramundi, y el presidente del Honorable Concejo Deliberante Carlos Minnucci. Los representantes de las instituciones, organizaciones sin fines de lucro, c\u00e1maras y centros de las localidades mencionadas pudieron explicar y describir sus prioridades para el futuro, proyectando un desarrollo sostenido y ordenado. &nbsp;<\/p>\n\n\n\n<p>El intendente Paredi particip\u00f3 en el transcurso de la reuni\u00f3n y valor\u00f3 \u00abel compromiso social y ciudadano de las organizaciones intermedias para pensar juntos el futuro\u00bb. \u00abRepetimos la exitosa idea del 2010, donde muchos de ustedes tambi\u00e9n participaron en lo que fue la planificaci\u00f3n hasta el 2020. Hoy nos encontramos para pensar los pr\u00f3ximos diez a\u00f1os. Para nosotros como gobernantes es fundamental escuchar y saber cu\u00e1les son sus prioridades de cara a las pol\u00edticas p\u00fablicas que llevamos adelante\u00bb, indic\u00f3 el jefe comunal.<\/p>\n\n\n\n<p>Por su parte, el delegado Antonio Contardo agradeci\u00f3 \u00abla presencia de las instituciones\u00bb y expres\u00f3 que \u00abaquellas que no pudieron estar los esperamos para que acerquen las propuestas durante la semana a la delegaci\u00f3n municipal y as\u00ed reunir todos los proyectos de manera definitiva\u00bb.<\/p>\n\n\n\n<p>M\u00e1s de cien organizaciones y cientos de vecinos y vecinas intervienen en la conformaci\u00f3n del plan. Aquellos que todav\u00eda no se sumaron y desean hacerlo pueden dar a conocer sus propuestas en el formulario online en&nbsp;<a href=\"http:\/\/www.marchiquita.gob.ar\/plan-estrategico-2022-2032\" target=\"_blank\" rel=\"noreferrer noopener\">www.marchiquita.gob.ar\/plan-estrategico-2022-2032<\/a>&nbsp;o de manera manual en las urnas colocadas en comercios y dependencias municipales.<\/p>\n","protected":false},"excerpt":{"rendered":"<p>En la continuidad del proceso de entrega de proyectos por el Plan Estrat\u00e9gico 2022-2032, fuerzas vivas de Santa Clara del Mar y Camet Norte elevaron<\/p>\n","protected":false},"author":31,"featured_media":11659,"comment_status":"open","ping_status":"open","sticky":false,"template":"","format":"standard","meta":[],"categories":[6],"tags":[],"views":86,"_links":{"self":[{"href":"http:\/\/02265.com.ar\/index.php\/wp-json\/wp\/v2\/posts\/11658"}],"collection":[{"href":"http:\/\/02265.com.ar\/index.php\/wp-json\/wp\/v2\/posts"}],"about":[{"href":"http:\/\/02265.com.ar\/index.php\/wp-json\/wp\/v2\/types\/post"}],"author":[{"embeddable":true,"href":"http:\/\/02265.com.ar\/index.php\/wp-json\/wp\/v2\/users\/31"}],"replies":[{"embeddable":true,"href":"http:\/\/02265.com.ar\/index.php\/wp-json\/wp\/v2\/comments?post=11658"}],"version-history":[{"count":0,"href":"http:\/\/02265.com.ar\/index.php\/wp-json\/wp\/v2\/posts\/11658\/revisions"}],"wp:featuredmedia":[{"embeddable":true,"href":"http:\/\/02265.com.ar\/index.php\/wp-json\/wp\/v2\/media\/11659"}],"wp:attachment":[{"href":"http:\/\/02265.com.ar\/index.php\/wp-json\/wp\/v2\/media?parent=11658"}],"wp:term":[{"taxonomy":"category","embeddable":true,"href":"http:\/\/02265.com.ar\/index.php\/wp-json\/wp\/v2\/categories?post=11658"},{"taxonomy":"post_tag","embeddable":true,"href":"http:\/\/02265.com.ar\/index.php\/wp-json\/wp\/v2\/tags?post=11658"}],"curies":[{"name":"wp","href":"https:\/\/api.w.org\/{rel}","templated":true}]}}