{"id":11621,"date":"2022-08-23T20:30:12","date_gmt":"2022-08-23T23:30:12","guid":{"rendered":"http:\/\/02265.com.ar\/?p=11621"},"modified":"2022-08-23T20:30:34","modified_gmt":"2022-08-23T23:30:34","slug":"convivencia-responsable-en-santa-clara-del-mar","status":"publish","type":"post","link":"http:\/\/02265.com.ar\/index.php\/2022\/08\/23\/convivencia-responsable-en-santa-clara-del-mar\/","title":{"rendered":"Somos Su Voz organiza un encuentro sobre convivencia responsable en Santa Clara del Mar"},"content":{"rendered":"\n<p>El pr\u00f3ximo s\u00e1bado 3 de septiembre, la ONG Somos Su Voz llevar\u00e1 adelante un encuentro sobre convivencia responsable con animales de car\u00e1cter gratuito y para toda la familia. Ser\u00e1 a las 15:30 horas en el Centro Cultural de Santa Clara del Mar y se abordar\u00e1n diversas tem\u00e1ticas relacionadas al programa nacional con charlas de profesionales y diversas actividades.<\/p>\n\n\n\n<p>En pleno desarrollo de la campa\u00f1a de castraci\u00f3n en el municipio, Somos Su Voz genera un espacio para el intercambio y la puesta en sociedad de temas. En este sentido, se profundiza la articulaci\u00f3n por una tenencia responsable de animales con una diagramaci\u00f3n sostenida de trabajo.<\/p>\n","protected":false},"excerpt":{"rendered":"<p>El pr\u00f3ximo s\u00e1bado 3 de septiembre, la ONG Somos Su Voz llevar\u00e1 adelante un encuentro sobre convivencia responsable con animales de car\u00e1cter gratuito y para<\/p>\n","protected":false},"author":31,"featured_media":11622,"comment_status":"open","ping_status":"open","sticky":false,"template":"","format":"standard","meta":{"footnotes":""},"categories":[6],"tags":[],"class_list":["post-11621","post","type-post","status-publish","format-standard","has-post-thumbnail","hentry","category-sociedad"],"views":45,"_links":{"self":[{"href":"http:\/\/02265.com.ar\/index.php\/wp-json\/wp\/v2\/posts\/11621","targetHints":{"allow":["GET"]}}],"collection":[{"href":"http:\/\/02265.com.ar\/index.php\/wp-json\/wp\/v2\/posts"}],"about":[{"href":"http:\/\/02265.com.ar\/index.php\/wp-json\/wp\/v2\/types\/post"}],"author":[{"embeddable":true,"href":"http:\/\/02265.com.ar\/index.php\/wp-json\/wp\/v2\/users\/31"}],"replies":[{"embeddable":true,"href":"http:\/\/02265.com.ar\/index.php\/wp-json\/wp\/v2\/comments?post=11621"}],"version-history":[{"count":0,"href":"http:\/\/02265.com.ar\/index.php\/wp-json\/wp\/v2\/posts\/11621\/revisions"}],"wp:featuredmedia":[{"embeddable":true,"href":"http:\/\/02265.com.ar\/index.php\/wp-json\/wp\/v2\/media\/11622"}],"wp:attachment":[{"href":"http:\/\/02265.com.ar\/index.php\/wp-json\/wp\/v2\/media?parent=11621"}],"wp:term":[{"taxonomy":"category","embeddable":true,"href":"http:\/\/02265.com.ar\/index.php\/wp-json\/wp\/v2\/categories?post=11621"},{"taxonomy":"post_tag","embeddable":true,"href":"http:\/\/02265.com.ar\/index.php\/wp-json\/wp\/v2\/tags?post=11621"}],"curies":[{"name":"wp","href":"https:\/\/api.w.org\/{rel}","templated":true}]}}