{"id":11219,"date":"2022-06-08T16:26:14","date_gmt":"2022-06-08T19:26:14","guid":{"rendered":"http:\/\/02265.com.ar\/?p=11219"},"modified":"2022-06-08T16:26:27","modified_gmt":"2022-06-08T19:26:27","slug":"cultura-de-los-juegos-bonaerenses","status":"publish","type":"post","link":"http:\/\/02265.com.ar\/index.php\/2022\/06\/08\/cultura-de-los-juegos-bonaerenses\/","title":{"rendered":"Mar Chiquita ser\u00e1 sede de la etapa regional de Cultura de los Juegos Bonaerenses 2022"},"content":{"rendered":"\n<p>La Secretar\u00eda de Turismo y Cultura del Partido de Mar Chiquita, a cargo de Germ\u00e1n Montes, inform\u00f3 con alegr\u00eda que el Partido de Mar Chiquita ser\u00e1 sede de la etapa regional de Cultura de los Juegos Bonaerenses 2022. Montes asegur\u00f3: \u00abQue nuestro municipio sea sede de una nueva etapa de los juegos, es un nuevo galard\u00f3n para la cultura marchiquitense. Vamos a recibir a cientos de chicos de la provincia de Buenos Aires que competir\u00e1n en las diversas disciplinas culturales\u00bb.<\/p>\n\n\n\n<p>De esta manera, el Partido de Mar Chiquita ser\u00e1 sede de la etapa regional de los Juegos Bonaerenses de la Cultura 2022. Del gran evento que se llevar\u00e1 adelante en el mes de septiembre, participar\u00e1n cientos de chicos de los municipios de Lober\u00eda, Alvarado, Necochea, Ayacucho, Balcarce, Tandil y Pueyrred\u00f3n, por las disciplinas teatro, danzas folkl\u00f3ricas, bandas de rock, bandas de cumbia, canto, cocineros bonaerenses, video minuto, fotograf\u00eda, freestyle, circo, tango, entre otras, seg\u00fan informaron desde la Secretar\u00eda de Turismo y Cultura. El secretario Germ\u00e1n Montes manifest\u00f3: \u00abM\u00e1s que una competencia, los Juegos Bonaerenses son encuentros de intercambio y crecimiento cultural para j\u00f3venes y adultos. Estamos felices de que nuestro municipio sea sede de una nueva etapa de estos maravillosos juegos. Es un nuevo galard\u00f3n para la cultura marchiquitense\u00bb.<\/p>\n\n\n\n<p>D\u00edas atr\u00e1s, se llev\u00f3 a cabo la etapa municipal en el Centro Cultural Eduardo C\u00e9sar Viglietti de General Pir\u00e1n y para la etapa regional clasificaron: Susana G\u00f3mez en Cuento Adultos Mayores, Elena Formico en Poes\u00eda Adultos Mayores, Consuelo Rodr\u00edguez en Cuento Sub 18, Guadalupe Galindez en Video Minuto Juveniles \u00danica, Mora Bissio en Cocineros Bonaerenses Juveniles Sub 15, Daniel Kaufmann en Objeto Art\u00edstico Adultos Mayores, Melina Cruces en Dibujo Sub 18, Rosal\u00eda L\u00f3pez en Pintura Adultos Mayores, Delfina Naveira en Solista Vocal Sub 18, Candela D\u00edaz en Solista Vocal Sub 15 y Fabio Desanto en Freestyle Rap.&nbsp;<\/p>\n","protected":false},"excerpt":{"rendered":"<p>La Secretar\u00eda de Turismo y Cultura del Partido de Mar Chiquita, a cargo de Germ\u00e1n Montes, inform\u00f3 con alegr\u00eda que el Partido de Mar Chiquita<\/p>\n","protected":false},"author":31,"featured_media":11220,"comment_status":"open","ping_status":"open","sticky":false,"template":"","format":"standard","meta":[],"categories":[6],"tags":[],"views":41,"_links":{"self":[{"href":"http:\/\/02265.com.ar\/index.php\/wp-json\/wp\/v2\/posts\/11219"}],"collection":[{"href":"http:\/\/02265.com.ar\/index.php\/wp-json\/wp\/v2\/posts"}],"about":[{"href":"http:\/\/02265.com.ar\/index.php\/wp-json\/wp\/v2\/types\/post"}],"author":[{"embeddable":true,"href":"http:\/\/02265.com.ar\/index.php\/wp-json\/wp\/v2\/users\/31"}],"replies":[{"embeddable":true,"href":"http:\/\/02265.com.ar\/index.php\/wp-json\/wp\/v2\/comments?post=11219"}],"version-history":[{"count":0,"href":"http:\/\/02265.com.ar\/index.php\/wp-json\/wp\/v2\/posts\/11219\/revisions"}],"wp:featuredmedia":[{"embeddable":true,"href":"http:\/\/02265.com.ar\/index.php\/wp-json\/wp\/v2\/media\/11220"}],"wp:attachment":[{"href":"http:\/\/02265.com.ar\/index.php\/wp-json\/wp\/v2\/media?parent=11219"}],"wp:term":[{"taxonomy":"category","embeddable":true,"href":"http:\/\/02265.com.ar\/index.php\/wp-json\/wp\/v2\/categories?post=11219"},{"taxonomy":"post_tag","embeddable":true,"href":"http:\/\/02265.com.ar\/index.php\/wp-json\/wp\/v2\/tags?post=11219"}],"curies":[{"name":"wp","href":"https:\/\/api.w.org\/{rel}","templated":true}]}}