{"id":11178,"date":"2022-06-01T19:38:55","date_gmt":"2022-06-01T22:38:55","guid":{"rendered":"http:\/\/02265.com.ar\/?p=11178"},"modified":"2022-06-01T19:39:14","modified_gmt":"2022-06-01T22:39:14","slug":"paredi-y-ferraresi-12-viviendas-vivorata","status":"publish","type":"post","link":"http:\/\/02265.com.ar\/index.php\/2022\/06\/01\/paredi-y-ferraresi-12-viviendas-vivorata\/","title":{"rendered":"El intendente Paredi y el ministro Ferraresi entregar\u00e1n las 12 viviendas de Vivorat\u00e1"},"content":{"rendered":"\n<p>El s\u00e1bado 18 de junio a las 15 horas, el ministro de Desarrollo Territorial y H\u00e1bitat de la Naci\u00f3n, Jorge Ferraresi y el intendente del Partido de Mar Chiquita, Jorge Paredi, proceder\u00e1n a la entrega de las 12 viviendas de Vivorat\u00e1, ubicadas en la intersecci\u00f3n de las calles Juan Domingo Per\u00f3n y Ra\u00fal Ricardo Alfons\u00edn. El jefe comunal manifest\u00f3: \u00abEs una emoci\u00f3n y una alegr\u00eda que 12 nuevas familias cumplan el sue\u00f1o de la casa propia\u00bb.<\/p>\n\n\n\n<p>El intendente Paredi record\u00f3: \u00abLa obra de las viviendas en Vivorat\u00e1, al igual que en Coronel Vidal, estaban paralizadas desde el a\u00f1o 2015. Gracias al trabajo conjunto con el Ministerio de Desarrollo Territorial y H\u00e1bitat de la Naci\u00f3n, a cargo de Jorge Ferraresi, con quien meses atr\u00e1s supervisamos el avance de las casas, 12 nuevas familias van a cumplir el sue\u00f1o del techo propio. Es una emoci\u00f3n y una alegr\u00eda\u00bb.<\/p>\n\n\n\n<p>De esta manera, el s\u00e1bado 18 de junio, se entregar\u00e1n las 12 viviendas de Vivorat\u00e1, ubicadas en la intersecci\u00f3n de las calles Juan Domingo Per\u00f3n y Ra\u00fal Ricardo Alfons\u00edn. Paredi remarc\u00f3 que las obras fueron efectuadas por contratistas locales con el fin de promover la mano de obra local. \u00abHay una estado presente que gestiona y promueve nuevas fuentes laborales y adem\u00e1s, nos permite dar soluciones concretas a la necesidad del techo propio de muchas familias\u00bb, asegur\u00f3 el jefe comunal.&nbsp;<\/p>\n","protected":false},"excerpt":{"rendered":"<p>El s\u00e1bado 18 de junio a las 15 horas, el ministro de Desarrollo Territorial y H\u00e1bitat de la Naci\u00f3n, Jorge Ferraresi y el intendente del<\/p>\n","protected":false},"author":2,"featured_media":11179,"comment_status":"open","ping_status":"open","sticky":false,"template":"","format":"standard","meta":[],"categories":[6],"tags":[],"views":166,"_links":{"self":[{"href":"http:\/\/02265.com.ar\/index.php\/wp-json\/wp\/v2\/posts\/11178"}],"collection":[{"href":"http:\/\/02265.com.ar\/index.php\/wp-json\/wp\/v2\/posts"}],"about":[{"href":"http:\/\/02265.com.ar\/index.php\/wp-json\/wp\/v2\/types\/post"}],"author":[{"embeddable":true,"href":"http:\/\/02265.com.ar\/index.php\/wp-json\/wp\/v2\/users\/2"}],"replies":[{"embeddable":true,"href":"http:\/\/02265.com.ar\/index.php\/wp-json\/wp\/v2\/comments?post=11178"}],"version-history":[{"count":0,"href":"http:\/\/02265.com.ar\/index.php\/wp-json\/wp\/v2\/posts\/11178\/revisions"}],"wp:featuredmedia":[{"embeddable":true,"href":"http:\/\/02265.com.ar\/index.php\/wp-json\/wp\/v2\/media\/11179"}],"wp:attachment":[{"href":"http:\/\/02265.com.ar\/index.php\/wp-json\/wp\/v2\/media?parent=11178"}],"wp:term":[{"taxonomy":"category","embeddable":true,"href":"http:\/\/02265.com.ar\/index.php\/wp-json\/wp\/v2\/categories?post=11178"},{"taxonomy":"post_tag","embeddable":true,"href":"http:\/\/02265.com.ar\/index.php\/wp-json\/wp\/v2\/tags?post=11178"}],"curies":[{"name":"wp","href":"https:\/\/api.w.org\/{rel}","templated":true}]}}