{"id":10448,"date":"2021-09-30T18:58:00","date_gmt":"2021-09-30T21:58:00","guid":{"rendered":"http:\/\/02265.com.ar\/?p=10448"},"modified":"2021-09-30T18:58:10","modified_gmt":"2021-09-30T21:58:10","slug":"festival-de-la-primavera","status":"publish","type":"post","link":"http:\/\/02265.com.ar\/index.php\/2021\/09\/30\/festival-de-la-primavera\/","title":{"rendered":"Se viene el Festival de la Primavera en Santa Clara del Mar"},"content":{"rendered":"\n<p>Con espect\u00e1culos en vivo, presentaciones de bandas locales, batallas de DJs, competencia de freestyle y torneo de skate, se llevar\u00e1 adelante el pr\u00f3ximo s\u00e1bado el Festival de la Primavera en Santa Clara del Mar. Con la organizaci\u00f3n de las secretar\u00edas de Cultura y Educaci\u00f3n, Deportes y Playas Limpias, y la participaci\u00f3n de la Pe\u00f1a Santa Clara es de Boca, el Anfiteatro del Parque Municipal \u00abEl Diego\u00bb ser\u00e1 epicentro de una jornada con m\u00fasica, cultura y deportes.<\/p>\n\n\n\n<p>A partir de las 15 hs, el s\u00e1bado 2, las familias podr\u00e1n disfrutar de las diversas actividades que est\u00e1n programadas. Al respecto, el director de Cultura, Germ\u00e1n Montes, se\u00f1al\u00f3: \u00abTrabajamos en conjunto con la Secretar\u00eda de Deportes, el equipo de Playas Limpias y con la participaci\u00f3n de la Pe\u00f1a Santa Clara es de Boca para poder celebrar el D\u00eda de la Primavera y disfrutar de una tarde al aire libre con una variedad de propuestas para toda la familia\u00bb.<\/p>\n\n\n\n<p>Durante el evento, se presentar\u00e1n los artistas locales Jorell, La oqkg Band, La Escandalosa, A cara de perro mientras que se realizar\u00e1 un torneo de skate en el skatepark, una competencia de freestyle y una batalla de DJs. Adem\u00e1s, habr\u00e1 juegos e inflables para los m\u00e1s chicos. \u00abLos esperamos a todos y todas con mucha alegr\u00eda. Estamos saliendo a la vida que queremos luego de superar etapas dif\u00edciles con la pandemia. Diagramamos el festejo pensando en generar un espacio recreativo y de entretenimiento\u00bb, manifest\u00f3 Montes.<\/p>\n","protected":false},"excerpt":{"rendered":"<p>Con espect\u00e1culos en vivo, presentaciones de bandas locales, batallas de DJs, competencia de freestyle y torneo de skate, se llevar\u00e1 adelante el pr\u00f3ximo s\u00e1bado el<\/p>\n","protected":false},"author":2,"featured_media":10449,"comment_status":"open","ping_status":"open","sticky":false,"template":"","format":"standard","meta":[],"categories":[6],"tags":[],"views":261,"_links":{"self":[{"href":"http:\/\/02265.com.ar\/index.php\/wp-json\/wp\/v2\/posts\/10448"}],"collection":[{"href":"http:\/\/02265.com.ar\/index.php\/wp-json\/wp\/v2\/posts"}],"about":[{"href":"http:\/\/02265.com.ar\/index.php\/wp-json\/wp\/v2\/types\/post"}],"author":[{"embeddable":true,"href":"http:\/\/02265.com.ar\/index.php\/wp-json\/wp\/v2\/users\/2"}],"replies":[{"embeddable":true,"href":"http:\/\/02265.com.ar\/index.php\/wp-json\/wp\/v2\/comments?post=10448"}],"version-history":[{"count":0,"href":"http:\/\/02265.com.ar\/index.php\/wp-json\/wp\/v2\/posts\/10448\/revisions"}],"wp:featuredmedia":[{"embeddable":true,"href":"http:\/\/02265.com.ar\/index.php\/wp-json\/wp\/v2\/media\/10449"}],"wp:attachment":[{"href":"http:\/\/02265.com.ar\/index.php\/wp-json\/wp\/v2\/media?parent=10448"}],"wp:term":[{"taxonomy":"category","embeddable":true,"href":"http:\/\/02265.com.ar\/index.php\/wp-json\/wp\/v2\/categories?post=10448"},{"taxonomy":"post_tag","embeddable":true,"href":"http:\/\/02265.com.ar\/index.php\/wp-json\/wp\/v2\/tags?post=10448"}],"curies":[{"name":"wp","href":"https:\/\/api.w.org\/{rel}","templated":true}]}}