{"id":10131,"date":"2021-07-15T18:15:44","date_gmt":"2021-07-15T21:15:44","guid":{"rendered":"http:\/\/02265.com.ar\/?p=10131"},"modified":"2021-07-15T18:15:53","modified_gmt":"2021-07-15T21:15:53","slug":"el-chuqui","status":"publish","type":"post","link":"http:\/\/02265.com.ar\/index.php\/2021\/07\/15\/el-chuqui\/","title":{"rendered":"Cay\u00f3 en Santa Clara \u201cEl Chuqui\u201d, un delincuente intensamente buscado por la justicia"},"content":{"rendered":"\n<p>Un sujeto de 31 a\u00f1os de edad, apodado \u201cel Chuqui\u201d, fue capturado por la polic\u00eda comunal de Santa Clara del Mar, luego de ser descubierto merodeando en las calles de la localidad. Al ser interceptado, el individuo dio una identidad falsa, pero pocas horas mas tarde se logr\u00f3 descubrir que se trataba de un delincuente que era intensamente buscado desde hace por lo menos un mes.<\/p>\n\n\n\n<p>El sujeto, oriundo de La Plata, lleg\u00f3 a la localidad aportando datos falsos de su identidad, y asi evadi\u00f3 a la justicia. En los \u00faltimos d\u00edas, la polic\u00eda lo descubri\u00f3 merodeando la localidad, y a modo preventivo lo interceptaron para identificarlo, y este intent\u00f3 evadir a los efectivos.<\/p>\n\n\n\n<p>El prontuario del \u201cel Chuqui\u201d tiene en su haber robos, entraderas y violencia contra sus v\u00edctimas. As\u00ed mismo, se hab\u00eda fugado de un m\u00f3vil policial cuando era trasladado.<\/p>\n\n\n\n<p>La policia santaclarense debi\u00f3 trasladarlo y ponerlo a disposici\u00f3n de los jueces que pidieron su captura. &nbsp;<\/p>\n","protected":false},"excerpt":{"rendered":"<p>Un sujeto de 31 a\u00f1os de edad, apodado \u201cel Chuqui\u201d, fue capturado por la polic\u00eda comunal de Santa Clara del Mar, luego de ser descubierto<\/p>\n","protected":false},"author":2,"featured_media":10132,"comment_status":"open","ping_status":"open","sticky":false,"template":"","format":"standard","meta":[],"categories":[7],"tags":[],"views":828,"_links":{"self":[{"href":"http:\/\/02265.com.ar\/index.php\/wp-json\/wp\/v2\/posts\/10131"}],"collection":[{"href":"http:\/\/02265.com.ar\/index.php\/wp-json\/wp\/v2\/posts"}],"about":[{"href":"http:\/\/02265.com.ar\/index.php\/wp-json\/wp\/v2\/types\/post"}],"author":[{"embeddable":true,"href":"http:\/\/02265.com.ar\/index.php\/wp-json\/wp\/v2\/users\/2"}],"replies":[{"embeddable":true,"href":"http:\/\/02265.com.ar\/index.php\/wp-json\/wp\/v2\/comments?post=10131"}],"version-history":[{"count":0,"href":"http:\/\/02265.com.ar\/index.php\/wp-json\/wp\/v2\/posts\/10131\/revisions"}],"wp:featuredmedia":[{"embeddable":true,"href":"http:\/\/02265.com.ar\/index.php\/wp-json\/wp\/v2\/media\/10132"}],"wp:attachment":[{"href":"http:\/\/02265.com.ar\/index.php\/wp-json\/wp\/v2\/media?parent=10131"}],"wp:term":[{"taxonomy":"category","embeddable":true,"href":"http:\/\/02265.com.ar\/index.php\/wp-json\/wp\/v2\/categories?post=10131"},{"taxonomy":"post_tag","embeddable":true,"href":"http:\/\/02265.com.ar\/index.php\/wp-json\/wp\/v2\/tags?post=10131"}],"curies":[{"name":"wp","href":"https:\/\/api.w.org\/{rel}","templated":true}]}}